{"id":13451,"date":"2015-11-02T20:31:10","date_gmt":"2015-11-02T19:31:10","guid":{"rendered":"http:\/\/jagodzianka.com.pl\/?p=13451"},"modified":"2015-11-02T20:31:10","modified_gmt":"2015-11-02T19:31:10","slug":"tarta-brokulowa","status":"publish","type":"post","link":"https:\/\/jagodzianka.com.pl\/?p=13451","title":{"rendered":"Tarta z broku\u0142ami i mozzarell\u0105"},"content":{"rendered":"<p><span style=\"color: #000000;\"><strong>Od dzisiaj &#8211; jedna\u00a0z moich ulubionych tart. Ciasto francuskie w po\u0142\u0105czeniu z broku\u0142ami, mozzarell\u0105, suszonymi pomidorami\u00a0i zio\u0142ami\u00a0to wspania\u0142y maria\u017c smak\u00f3w.<\/strong><\/span><\/p>\n<p><span style=\"color: #000000;\"><strong>1\u00a0opakowanie ciasta francuskiego<\/strong><\/span><\/p>\n<p><span style=\"color: #000000;\"><strong>1 broku\u0142<\/strong><\/span><\/p>\n<p><span style=\"color: #000000;\"><strong>2 kulki sera mozzarella<\/strong><\/span><\/p>\n<p><span style=\"color: #000000;\"><strong>kilka pomidor\u00f3w suszonych w oliwie<\/strong><\/span><\/p>\n<p><span style=\"color: #000000;\"><strong>2 jajka<\/strong><\/span><\/p>\n<p><span style=\"color: #000000;\"><strong>1 ma\u0142y jogurt naturalny<\/strong><\/span><\/p>\n<p><span style=\"color: #000000;\"><strong>s\u00f3l, pieprz<\/strong><\/span><\/p>\n<p><span style=\"color: #000000;\"><strong>czosnek nied\u017awiedzi<\/strong><\/span><\/p>\n<p><span style=\"color: #000000;\"><strong>przyprawa podlaska (suszone pomidory z czosnkiem i czarnuszk\u0105)<\/strong><\/span><\/p>\n<p><span style=\"color: #000000;\"><strong>Broku\u0142 ugotowa\u0107 al dente i\u00a0pokroi\u0107 w r\u00f3\u017cyczki. Form\u0119 do tarty o \u015brednicy 20 cm wysmarowa\u0107 mas\u0142em, wy\u0142o\u017cy\u0107 ciastem francuskim i ponak\u0142uwa\u0107\u00a0 widelcem. Na cie\u015bcie u\u0142o\u017cy\u0107 r\u00f3\u017cyczki broku\u0142a, pokrojone w paseczki suszone pomidory i mozzarell\u0119. Posypa\u0107 przypraw\u0105 podlask\u0105 (suszone pomidory z czosnkiem i czarnuszk\u0105). W misce wymiesza\u0107 jajka, jogurt, czosnek nied\u017awiedzi. Posoli\u0107 i wyla\u0107 na tart\u0119. Z pozosta\u0142ych skrawk\u00f3w francuskiego ciasta wyci\u0105\u0107 paseczki i u\u0142o\u017cy\u0107 na tarcie. Piec w piekarniku nagrzanym do 190 stopni przez 30 minut.\u00a0<\/strong><\/span><\/p>\n<p><a href=\"http:\/\/jagodzianka.com.pl\/wp-content\/uploads\/2015\/11\/P1010002.jpg\"><img loading=\"lazy\" decoding=\"async\" class=\"aligncenter wp-image-13452\" src=\"http:\/\/jagodzianka.com.pl\/wp-content\/uploads\/2015\/11\/P1010002.jpg\" alt=\"OLYMPUS DIGITAL CAMERA\" width=\"700\" height=\"562\" \/><\/a><\/p>\n<p><a href=\"http:\/\/jagodzianka.com.pl\/wp-content\/uploads\/2015\/11\/P1010008.jpg\"><img loading=\"lazy\" decoding=\"async\" class=\"aligncenter wp-image-13453\" src=\"http:\/\/jagodzianka.com.pl\/wp-content\/uploads\/2015\/11\/P1010008.jpg\" alt=\"OLYMPUS DIGITAL CAMERA\" width=\"700\" height=\"596\" \/><\/a><\/p>\n<p><a href=\"http:\/\/jagodzianka.com.pl\/wp-content\/uploads\/2015\/11\/P1010012.jpg\"><img loading=\"lazy\" decoding=\"async\" class=\"aligncenter wp-image-13454\" src=\"http:\/\/jagodzianka.com.pl\/wp-content\/uploads\/2015\/11\/P1010012.jpg\" alt=\"OLYMPUS DIGITAL CAMERA\" width=\"700\" height=\"683\" \/><\/a><\/p>\n<p><a href=\"http:\/\/jagodzianka.com.pl\/wp-content\/uploads\/2015\/11\/P1010014.jpg\"><img loading=\"lazy\" decoding=\"async\" class=\"aligncenter wp-image-13455\" src=\"http:\/\/jagodzianka.com.pl\/wp-content\/uploads\/2015\/11\/P1010014.jpg\" alt=\"OLYMPUS DIGITAL CAMERA\" width=\"700\" height=\"628\" \/><\/a><\/p>\n<p><a href=\"http:\/\/jagodzianka.com.pl\/wp-content\/uploads\/2015\/11\/P1010017.jpg\"><img loading=\"lazy\" decoding=\"async\" class=\"aligncenter wp-image-13456\" src=\"http:\/\/jagodzianka.com.pl\/wp-content\/uploads\/2015\/11\/P1010017.jpg\" alt=\"OLYMPUS DIGITAL CAMERA\" width=\"700\" height=\"560\" \/><\/a><\/p>\n","protected":false},"excerpt":{"rendered":"<p>Od dzisiaj &#8211; jedna\u00a0z moich ulubionych tart. Ciasto francuskie w po\u0142\u0105czeniu z broku\u0142ami, mozzarell\u0105, suszonymi pomidorami\u00a0i zio\u0142ami\u00a0to wspania\u0142y maria\u017c smak\u00f3w. 1\u00a0opakowanie ciasta francuskiego 1 broku\u0142 2 kulki sera mozzarella kilka pomidor\u00f3w suszonych w oliwie 2 jajka 1 ma\u0142y jogurt naturalny s\u00f3l, pieprz czosnek nied\u017awiedzi przyprawa podlaska (suszone pomidory z czosnkiem i czarnuszk\u0105) Broku\u0142 ugotowa\u0107 al &hellip; <a href=\"https:\/\/jagodzianka.com.pl\/?p=13451\" class=\"more-link\">Czytaj dalej <span class=\"screen-reader-text\">Tarta z broku\u0142ami i mozzarell\u0105<\/span><\/a><\/p>\n","protected":false},"author":2,"featured_media":0,"comment_status":"open","ping_status":"open","sticky":false,"template":"","format":"standard","meta":{"_jetpack_memberships_contains_paid_content":false,"footnotes":""},"categories":[6],"tags":[],"class_list":["post-13451","post","type-post","status-publish","format-standard","hentry","category-kulinaria"],"jetpack_featured_media_url":"","jetpack_sharing_enabled":true,"_links":{"self":[{"href":"https:\/\/jagodzianka.com.pl\/index.php?rest_route=\/wp\/v2\/posts\/13451","targetHints":{"allow":["GET"]}}],"collection":[{"href":"https:\/\/jagodzianka.com.pl\/index.php?rest_route=\/wp\/v2\/posts"}],"about":[{"href":"https:\/\/jagodzianka.com.pl\/index.php?rest_route=\/wp\/v2\/types\/post"}],"author":[{"embeddable":true,"href":"https:\/\/jagodzianka.com.pl\/index.php?rest_route=\/wp\/v2\/users\/2"}],"replies":[{"embeddable":true,"href":"https:\/\/jagodzianka.com.pl\/index.php?rest_route=%2Fwp%2Fv2%2Fcomments&post=13451"}],"version-history":[{"count":0,"href":"https:\/\/jagodzianka.com.pl\/index.php?rest_route=\/wp\/v2\/posts\/13451\/revisions"}],"wp:attachment":[{"href":"https:\/\/jagodzianka.com.pl\/index.php?rest_route=%2Fwp%2Fv2%2Fmedia&parent=13451"}],"wp:term":[{"taxonomy":"category","embeddable":true,"href":"https:\/\/jagodzianka.com.pl\/index.php?rest_route=%2Fwp%2Fv2%2Fcategories&post=13451"},{"taxonomy":"post_tag","embeddable":true,"href":"https:\/\/jagodzianka.com.pl\/index.php?rest_route=%2Fwp%2Fv2%2Ftags&post=13451"}],"curies":[{"name":"wp","href":"https:\/\/api.w.org\/{rel}","templated":true}]}}