{"id":14818,"date":"2016-09-03T22:22:18","date_gmt":"2016-09-03T21:22:18","guid":{"rendered":"http:\/\/jagodzianka.com.pl\/?p=14818"},"modified":"2016-09-03T22:22:18","modified_gmt":"2016-09-03T21:22:18","slug":"14818","status":"publish","type":"post","link":"https:\/\/jagodzianka.com.pl\/?p=14818","title":{"rendered":"Faszerowane \u0142\u00f3dki z cukinii"},"content":{"rendered":"<p><span style=\"color: #000000;\"><strong>Faszerowane \u0142\u00f3dki z cukinii &#8211; to fajna propozycja na przek\u0105sk\u0105 lunch lub ciep\u0142\u0105 kolacj\u0119 zw\u0142aszcza dla mi\u0142o\u015bnik\u00f3w tego warzywa. Ja jestem ich fank\u0105. Uwielbiam zw\u0142aszcza te male\u0144kie zielone. Po cukini\u0119 si\u0119gam zw\u0142aszcza latem. Mo\u017cna z niej wyczarowa\u0107 wiele wy\u015bmienitych da\u0144. To delikatne w smaku i bardzo zdrowe warzywo.<br \/>\n<\/strong><\/span><\/p>\n<p><span style=\"color: #000000;\"><strong>Faszerowane cukiniowe \u0142\u00f3dki polecam szczerze, s\u0105 wy\u015bmienite! Nie wymagaj\u0105 te\u017c wielu zabieg\u00f3w, a zatem do dzie\u0142a!<br \/>\n<\/strong><\/span><\/p>\n<p><a href=\"http:\/\/jagodzianka.com.pl\/wp-content\/uploads\/2016\/09\/P1010009.jpg\"><img loading=\"lazy\" decoding=\"async\" class=\"aligncenter wp-image-14819\" src=\"http:\/\/jagodzianka.com.pl\/wp-content\/uploads\/2016\/09\/P1010009.jpg\" alt=\"OLYMPUS DIGITAL CAMERA\" width=\"700\" height=\"418\" \/><\/a><\/p>\n<p><span style=\"color: #000000;\"><strong>3 ma\u0142e cukinie<\/strong><\/span><\/p>\n<p><span style=\"color: #000000;\"><strong>1 cebula<\/strong><\/span><\/p>\n<p><span style=\"color: #000000;\"><strong>2 z\u0105bki czosnku<\/strong><\/span><\/p>\n<p><span style=\"color: #000000;\"><strong>kawa\u0142ek dobrej chudej w\u0119dliny &#8211; u mnie swojska szynkowa (dzi\u0119ki Sylwia)<\/strong><\/span><\/p>\n<p><span style=\"color: #000000;\"><strong>12 mini kuleczek mozzarelli<\/strong><\/span><\/p>\n<p><span style=\"color: #000000;\"><strong>4 p\u0142aty suszonych pomidor\u00f3w (z zalewy w oliwie) <\/strong><\/span><\/p>\n<p><span style=\"color: #000000;\"><strong>1\/2 \u0142y\u017ceczki czarnuszki<\/strong><\/span><\/p>\n<p><span style=\"color: #000000;\"><strong>1\/2 \u0142y\u017ceczki czubrycy<\/strong><\/span><\/p>\n<p><span style=\"color: #000000;\"><strong>1\/2 \u0142y\u017ceczki przyprawy (suszone pomidory z czosnkiem nied\u017awiedzim) z zio\u0142owego zak\u0105tka<\/strong><\/span><\/p>\n<p><span style=\"color: #000000;\"><strong>dobry tarty \u017c\u00f3\u0142ty ser do posypania<\/strong><\/span><\/p>\n<p><span style=\"color: #000000;\"><strong>kilka pomidork\u00f3w koktajlowych<\/strong><\/span><\/p>\n<p><span style=\"color: #000000;\"><strong>Cukinie umy\u0107, odci\u0105\u0107 ko\u0144c\u00f3wki i przekroi\u0107 wzd\u0142u\u017c. \u0141y\u017ceczk\u0105 wydr\u0105\u017cy\u0107 mi\u0105\u017csz. Powsta\u0142e cukiniowe \u0142\u00f3deczki opr\u00f3szy\u0107 sol\u0105. Cebul\u0119 pokrojon\u0105 w drobn\u0105 kostk\u0119 zeszkli\u0107 na oleju, doda\u0107 pokrojon\u0105 w kosteczk\u0119 w\u0119dlin\u0119. Poddusi\u0107 przez kilka minut. Doda\u0107 czosnek przeci\u015bni\u0119ty przez prask\u0119. Doda\u0107 zio\u0142a i wymiesza\u0107. Przestudzi\u0107. Doda\u0107 pokrojon\u0105 w drobn\u0105 kostk\u0119 mozzarell\u0119 i suszone pomidory. Wymiesza\u0107 i nape\u0142ni\u0107 farszem po\u0142\u00f3wki cukinii. Posypa\u0107 tartym serem. Na wysmarowanym olejem (u mnie olej z pomidor\u00f3w suszonych) naczyniu \u017caroodpornym u\u0142o\u017cy\u0107 nadziane cukinie. Ob\u0142o\u017cy\u0107 pomidorkami koktajlowymi i zapieka\u0107 w piekarniku nagrzanym do 200 stopni przez oko\u0142o 20 minut.<\/strong><\/span><\/p>\n<p><a href=\"http:\/\/jagodzianka.com.pl\/wp-content\/uploads\/2016\/09\/P1010011.jpg\"><img loading=\"lazy\" decoding=\"async\" class=\"aligncenter wp-image-14820\" src=\"http:\/\/jagodzianka.com.pl\/wp-content\/uploads\/2016\/09\/P1010011.jpg\" alt=\"OLYMPUS DIGITAL CAMERA\" width=\"700\" height=\"484\" \/><\/a><\/p>\n<p><a href=\"http:\/\/jagodzianka.com.pl\/wp-content\/uploads\/2016\/09\/P1010013.jpg\"><img loading=\"lazy\" decoding=\"async\" class=\"aligncenter wp-image-14821\" src=\"http:\/\/jagodzianka.com.pl\/wp-content\/uploads\/2016\/09\/P1010013.jpg\" alt=\"OLYMPUS DIGITAL CAMERA\" width=\"700\" height=\"460\" \/><\/a><\/p>\n","protected":false},"excerpt":{"rendered":"<p>Faszerowane \u0142\u00f3dki z cukinii &#8211; to fajna propozycja na przek\u0105sk\u0105 lunch lub ciep\u0142\u0105 kolacj\u0119 zw\u0142aszcza dla mi\u0142o\u015bnik\u00f3w tego warzywa. Ja jestem ich fank\u0105. Uwielbiam zw\u0142aszcza te male\u0144kie zielone. Po cukini\u0119 si\u0119gam zw\u0142aszcza latem. Mo\u017cna z niej wyczarowa\u0107 wiele wy\u015bmienitych da\u0144. To delikatne w smaku i bardzo zdrowe warzywo. Faszerowane cukiniowe \u0142\u00f3dki polecam szczerze, s\u0105 wy\u015bmienite! &hellip; <a href=\"https:\/\/jagodzianka.com.pl\/?p=14818\" class=\"more-link\">Czytaj dalej <span class=\"screen-reader-text\">Faszerowane \u0142\u00f3dki z cukinii<\/span><\/a><\/p>\n","protected":false},"author":2,"featured_media":0,"comment_status":"open","ping_status":"open","sticky":false,"template":"","format":"standard","meta":{"_jetpack_memberships_contains_paid_content":false,"footnotes":""},"categories":[6],"tags":[],"class_list":["post-14818","post","type-post","status-publish","format-standard","hentry","category-kulinaria"],"jetpack_featured_media_url":"","jetpack_sharing_enabled":true,"_links":{"self":[{"href":"https:\/\/jagodzianka.com.pl\/index.php?rest_route=\/wp\/v2\/posts\/14818","targetHints":{"allow":["GET"]}}],"collection":[{"href":"https:\/\/jagodzianka.com.pl\/index.php?rest_route=\/wp\/v2\/posts"}],"about":[{"href":"https:\/\/jagodzianka.com.pl\/index.php?rest_route=\/wp\/v2\/types\/post"}],"author":[{"embeddable":true,"href":"https:\/\/jagodzianka.com.pl\/index.php?rest_route=\/wp\/v2\/users\/2"}],"replies":[{"embeddable":true,"href":"https:\/\/jagodzianka.com.pl\/index.php?rest_route=%2Fwp%2Fv2%2Fcomments&post=14818"}],"version-history":[{"count":0,"href":"https:\/\/jagodzianka.com.pl\/index.php?rest_route=\/wp\/v2\/posts\/14818\/revisions"}],"wp:attachment":[{"href":"https:\/\/jagodzianka.com.pl\/index.php?rest_route=%2Fwp%2Fv2%2Fmedia&parent=14818"}],"wp:term":[{"taxonomy":"category","embeddable":true,"href":"https:\/\/jagodzianka.com.pl\/index.php?rest_route=%2Fwp%2Fv2%2Fcategories&post=14818"},{"taxonomy":"post_tag","embeddable":true,"href":"https:\/\/jagodzianka.com.pl\/index.php?rest_route=%2Fwp%2Fv2%2Ftags&post=14818"}],"curies":[{"name":"wp","href":"https:\/\/api.w.org\/{rel}","templated":true}]}}