{"id":19020,"date":"2018-09-30T07:07:03","date_gmt":"2018-09-30T06:07:03","guid":{"rendered":"http:\/\/jagodzianka.com.pl\/?p=19020"},"modified":"2018-09-30T07:07:03","modified_gmt":"2018-09-30T06:07:03","slug":"podlaskie-wspomnienia","status":"publish","type":"post","link":"https:\/\/jagodzianka.com.pl\/?p=19020","title":{"rendered":"Podlaskie wspomnienia"},"content":{"rendered":"<p><span style=\"color: #000000;\"><strong>Od naszych wakacji na Podlasiu, wyj\u0105tkowo d\u0142ugich w tym roku, min\u0119\u0142o ju\u017c p\u00f3\u0142tora miesi\u0105ca. Czas goni, r\u00f3\u017cnych zaj\u0119\u0107 i obowi\u0105zk\u00f3w tak du\u017co, \u017ce trudno by\u0142o wykroi\u0107 cho\u0107 chwilk\u0119 na relacj\u0119 z tych pi\u0119knych dni.<\/strong> <\/span><\/p>\n<p><strong><span style=\"color: #000000;\">Pogoda nie zawiod\u0142a &#8211; wspania\u0142a, czasem upalna, pozwoli\u0142a na realizacj\u0119 wszystkich naszych plan\u00f3w (no mo\u017ce poza Bia\u0142owie\u017c\u0105, ale temu na przeszkodzie nie stan\u0119\u0142a bynajmniej pogoda).<\/span><\/strong><\/p>\n<p><span style=\"color: #000000;\"><strong>Jedynie bociany nas &#8222;zawiod\u0142y&#8221;. Zwykle o tej porze spotykali\u015bmy w trakcie naszych woja\u017cy blisko 300 bocian\u00f3w. W tym roku tylko 138. Okaza\u0142o si\u0119, \u017ce odlecia\u0142y dwa tygodnie wcze\u015bniej, ni\u017c zwykle. Jak informowali ornitolodzy, takie zjawisko nie by\u0142o do tej pory obserwowane. W ich ocenie<\/strong> <strong>d\u0142ugie, gor\u0105ce i suche lato, kt\u00f3re trwa\u0142o ju\u017c od maja, sprzyja\u0142o ptakom. Dzi\u0119ki dobrej pogodzie piskl\u0119ta szybko wyros\u0142y i opanowa\u0142y sztuk\u0119 latania. Reasumuj\u0105c zastali\u015bmy na Podlasiu jesie\u0144 w \u015bwiecie bocian\u00f3w. W wi\u0119kszo\u015bci pozosta\u0142y po nich tylko puste gniazda&#8230;<\/strong><\/span><\/p>\n<p><a href=\"http:\/\/jagodzianka.com.pl\/wp-content\/uploads\/2018\/10\/P1010599.jpg\"><img loading=\"lazy\" decoding=\"async\" class=\"aligncenter wp-image-19023\" src=\"http:\/\/jagodzianka.com.pl\/wp-content\/uploads\/2018\/10\/P1010599.jpg\" alt=\"\" width=\"700\" height=\"728\" \/><\/a><\/p>\n<p><span style=\"color: #000000;\"><strong>(Wie\u015b Gie\u0142czyn, gmina Trzcianne)<\/strong><\/span><\/p>\n<p><span style=\"color: #000000;\"><strong>Wie\u015b Gie\u0142czyn oraz kilka innych r\u00f3wnie ciekawych miejsc &#8211; to plan wycieczki jak\u0105 zorganizowa\u0142 nam Grzegorz. Mia\u0142 nadziej\u0119, a w\u0142a\u015bciwie przekonanie, \u017ce w Gie\u0142czynie b\u0119dziemy mogli podziwia\u0107 dziesi\u0105tki bocian\u00f3w. Niestety i tutaj zastali\u015bmy tylko puste gniazda. A by\u0142o ich na jednej tylko ulicy trzyna\u015bcie. Na ka\u017cdym s\u0142upie bocianie gniazdo. Jednak Gie\u0142czyn nie tylko gniazdami bocianimi stoi. Zachwyca\u0142y nas przepi\u0119kne widoki. Wie\u015b le\u017cy bowiem w wid\u0142ach Biebrzy i Narwi. Ale prawdziw\u0105 per\u0142\u0105, jak\u0105 przysz\u0142o nam podziwia\u0107 by\u0142a drewniana \u015bwi\u0105tynia z 1777 roku. Ko\u015bci\u00f3\u0142 zachowa\u0142 typowy dla Podlasia barokowy wygl\u0105d zewn\u0119trzny.<\/strong> <\/span><\/p>\n<p><span style=\"color: #000000;\"><strong> Du\u017ce wra\u017cenie robi do\u015b\u0107 nietypowa &#8222;dzwonnica&#8221;. Nieopodal ko\u015bcio\u0142a na wiekowym roz\u0142o\u017cystym d\u0119bie zosta\u0142y zawieszone trzy dzwony.<\/strong><\/span><\/p>\n<p><a href=\"http:\/\/jagodzianka.com.pl\/wp-content\/uploads\/2018\/10\/P1010615.jpg\"><img loading=\"lazy\" decoding=\"async\" class=\"aligncenter wp-image-19027\" src=\"http:\/\/jagodzianka.com.pl\/wp-content\/uploads\/2018\/10\/P1010615.jpg\" alt=\"\" width=\"700\" height=\"791\" \/><\/a><\/p>\n<p><a href=\"http:\/\/jagodzianka.com.pl\/wp-content\/uploads\/2018\/10\/P1010617.jpg\"><img loading=\"lazy\" decoding=\"async\" class=\"aligncenter wp-image-19029\" src=\"http:\/\/jagodzianka.com.pl\/wp-content\/uploads\/2018\/10\/P1010617.jpg\" alt=\"\" width=\"700\" height=\"552\" \/><\/a><\/p>\n<p><a href=\"http:\/\/jagodzianka.com.pl\/wp-content\/uploads\/2018\/10\/P1010620.jpg\"><img loading=\"lazy\" decoding=\"async\" class=\"aligncenter wp-image-19031\" src=\"http:\/\/jagodzianka.com.pl\/wp-content\/uploads\/2018\/10\/P1010620.jpg\" alt=\"\" width=\"700\" height=\"933\" \/><\/a><\/p>\n<p><span style=\"color: #000000;\"><strong>Zauroczy\u0142 nas te\u017c rosn\u0105cy przy drodze do Gielczyna wiekowy d\u0105b szypu\u0142kowy. Ten niebywa\u0142ej urody pomnik przyrody o obwodzie pnia 444 cm i okaza\u0142ej r\u00f3wnomiernej koronie wzbudza nie tylko zachwyt, ale r\u00f3wnie\u017c respekt. Dla takiego przyrodniczego okazu warto by\u0142o tu trafi\u0107 \ud83d\ude42<\/strong><\/span><\/p>\n<p><a href=\"http:\/\/jagodzianka.com.pl\/wp-content\/uploads\/2018\/10\/P1010630.jpg\"><img loading=\"lazy\" decoding=\"async\" class=\"aligncenter wp-image-19033\" src=\"http:\/\/jagodzianka.com.pl\/wp-content\/uploads\/2018\/10\/P1010630.jpg\" alt=\"\" width=\"700\" height=\"525\" \/><\/a><\/p>\n<p><a href=\"http:\/\/jagodzianka.com.pl\/wp-content\/uploads\/2018\/10\/P1010624.jpg\"><img loading=\"lazy\" decoding=\"async\" class=\"aligncenter wp-image-19034\" src=\"http:\/\/jagodzianka.com.pl\/wp-content\/uploads\/2018\/10\/P1010624.jpg\" alt=\"\" width=\"700\" height=\"933\" \/><\/a><\/p>\n<p><a href=\"http:\/\/jagodzianka.com.pl\/wp-content\/uploads\/2018\/10\/P1010623.jpg\"><img loading=\"lazy\" decoding=\"async\" class=\"aligncenter wp-image-19035\" src=\"http:\/\/jagodzianka.com.pl\/wp-content\/uploads\/2018\/10\/P1010623.jpg\" alt=\"\" width=\"700\" height=\"497\" \/><\/a><\/p>\n<p><a href=\"http:\/\/jagodzianka.com.pl\/wp-content\/uploads\/2018\/10\/P1010626.jpg\"><img loading=\"lazy\" decoding=\"async\" class=\"aligncenter wp-image-19036\" src=\"http:\/\/jagodzianka.com.pl\/wp-content\/uploads\/2018\/10\/P1010626.jpg\" alt=\"\" width=\"700\" height=\"525\" \/><\/a><\/p>\n<p><a href=\"http:\/\/jagodzianka.com.pl\/wp-content\/uploads\/2018\/10\/P1010621.jpg\"><img loading=\"lazy\" decoding=\"async\" class=\"aligncenter wp-image-19037\" src=\"http:\/\/jagodzianka.com.pl\/wp-content\/uploads\/2018\/10\/P1010621.jpg\" alt=\"\" width=\"700\" height=\"525\" \/><\/a><\/p>\n<p><span style=\"color: #000000;\"><strong>Wie\u015b Stare Wnory za\u0142o\u017cona na pocz\u0105tku XV wieku przez Wnora (st\u0105d nazwa wsi), przybysza ze wsi K\u0142oski w \u0142\u0119czyckiem.<\/strong><\/span><\/p>\n<p><span style=\"color: #000000;\"><strong>Tu zatrzymali\u015bmy si\u0119 na chwil\u0119 aby uwieczni\u0107 na fotografii ko\u015bci\u00f3\u0142 drewniany wzniesiony w latach 1957 &#8211; 1958. Niestety by\u0142 zamkni\u0119ty i nie mogli\u015bmy zobaczy\u0107 wn\u0119trza \u015bwi\u0105tyni. Posiada ona bowiem pochodz\u0105ce z ko\u015bcio\u0142a w Kobylinie elementy barokowe z manierystyczn\u0105 snycersk\u0105 dekoracj\u0105. Dzwon barokowy z 1718 roku pochodzi r\u00f3wnie\u017c z Kobylina.<\/strong><\/span><\/p>\n<p><span style=\"color: #000000;\"><strong>Ka\u017cdy drewniany ko\u015bci\u00f3\u0142 w tych okolicach budzi nasze zainteresowanie. Niekt\u00f3re z nich bardzo wiekowe s\u0105 prawdziwymi architektonicznymi per\u0142ami.<\/strong> <\/span><\/p>\n<p><a href=\"http:\/\/jagodzianka.com.pl\/wp-content\/uploads\/2018\/10\/P1010557.jpg\"><img loading=\"lazy\" decoding=\"async\" class=\"aligncenter wp-image-19040\" src=\"http:\/\/jagodzianka.com.pl\/wp-content\/uploads\/2018\/10\/P1010557.jpg\" alt=\"\" width=\"700\" height=\"525\" \/><\/a><\/p>\n<p><a href=\"http:\/\/jagodzianka.com.pl\/wp-content\/uploads\/2018\/10\/P1010558.jpg\"><img loading=\"lazy\" decoding=\"async\" class=\"aligncenter wp-image-19041\" src=\"http:\/\/jagodzianka.com.pl\/wp-content\/uploads\/2018\/10\/P1010558.jpg\" alt=\"\" width=\"700\" height=\"525\" \/><\/a><\/p>\n<p><a href=\"http:\/\/jagodzianka.com.pl\/wp-content\/uploads\/2018\/10\/P1010559.jpg\"><img loading=\"lazy\" decoding=\"async\" class=\"aligncenter wp-image-19042\" src=\"http:\/\/jagodzianka.com.pl\/wp-content\/uploads\/2018\/10\/P1010559.jpg\" alt=\"\" width=\"700\" height=\"525\" \/><\/a><\/p>\n<p><a href=\"http:\/\/jagodzianka.com.pl\/wp-content\/uploads\/2018\/10\/P1010561.jpg\"><img loading=\"lazy\" decoding=\"async\" class=\"aligncenter wp-image-19043\" src=\"http:\/\/jagodzianka.com.pl\/wp-content\/uploads\/2018\/10\/P1010561.jpg\" alt=\"\" width=\"700\" height=\"525\" \/><\/a><\/p>\n<p><span style=\"color: #000000;\"><strong>Okazuje si\u0119, \u017ce piaszczyste wydmy spotka\u0107 mo\u017cna nie tylko na morskich wybrze\u017cach ale tak\u017ce na nizinnych dolinach rzecznych. Takie zjawisko mogli\u015bmy podziwia\u0107 w pobli\u017cu wsi Gr\u0105dy Woniecko. Niezwyk\u0142ej urody dolina Narwi i piaszczyste wydmy \u015bciel\u0105ce si\u0119 na rozleg\u0142ych pag\u00f3rkach. Rzeczone wydmy posiadaj\u0105 status zabytku klasy zerowej.<\/strong> <\/span><\/p>\n<p><span style=\"color: #000000;\"><strong>Spacerowali\u015bmy po piaszczystych wydmach niczym po roz\u017carzonych w\u0119glach. Bowiem \u017car la\u0142 si\u0119 z nieba a upa\u0142 tego dnia si\u0119ga\u0142 34 stopni.<\/strong><\/span><\/p>\n<p><a href=\"http:\/\/jagodzianka.com.pl\/wp-content\/uploads\/2018\/10\/P1010579.jpg\"><img loading=\"lazy\" decoding=\"async\" class=\"aligncenter wp-image-19045\" src=\"http:\/\/jagodzianka.com.pl\/wp-content\/uploads\/2018\/10\/P1010579.jpg\" alt=\"\" width=\"700\" height=\"529\" \/><\/a><\/p>\n<p><a href=\"http:\/\/jagodzianka.com.pl\/wp-content\/uploads\/2018\/10\/P1010581.jpg\"><img loading=\"lazy\" decoding=\"async\" class=\"aligncenter wp-image-19046\" src=\"http:\/\/jagodzianka.com.pl\/wp-content\/uploads\/2018\/10\/P1010581.jpg\" alt=\"\" width=\"700\" height=\"525\" \/><\/a><\/p>\n<p><a href=\"http:\/\/jagodzianka.com.pl\/wp-content\/uploads\/2018\/10\/P1010582.jpg\"><img loading=\"lazy\" decoding=\"async\" class=\"aligncenter wp-image-19047\" src=\"http:\/\/jagodzianka.com.pl\/wp-content\/uploads\/2018\/10\/P1010582.jpg\" alt=\"\" width=\"700\" height=\"525\" \/><\/a><\/p>\n<p><a href=\"http:\/\/jagodzianka.com.pl\/wp-content\/uploads\/2018\/10\/P1010584.jpg\"><img loading=\"lazy\" decoding=\"async\" class=\"aligncenter wp-image-19048\" src=\"http:\/\/jagodzianka.com.pl\/wp-content\/uploads\/2018\/10\/P1010584.jpg\" alt=\"\" width=\"700\" height=\"525\" \/><\/a><\/p>\n<p><a href=\"http:\/\/jagodzianka.com.pl\/wp-content\/uploads\/2018\/10\/P1010570.jpg\"><img loading=\"lazy\" decoding=\"async\" class=\"aligncenter wp-image-19049\" src=\"http:\/\/jagodzianka.com.pl\/wp-content\/uploads\/2018\/10\/P1010570.jpg\" alt=\"\" width=\"700\" height=\"525\" \/><\/a><\/p>\n<p><a href=\"http:\/\/jagodzianka.com.pl\/wp-content\/uploads\/2018\/10\/P1010572.jpg\"><img loading=\"lazy\" decoding=\"async\" class=\"aligncenter wp-image-19050\" src=\"http:\/\/jagodzianka.com.pl\/wp-content\/uploads\/2018\/10\/P1010572.jpg\" alt=\"\" width=\"700\" height=\"525\" \/><\/a><\/p>\n<p><a href=\"http:\/\/jagodzianka.com.pl\/wp-content\/uploads\/2018\/10\/P1010577.jpg\"><img loading=\"lazy\" decoding=\"async\" class=\"aligncenter wp-image-19051\" src=\"http:\/\/jagodzianka.com.pl\/wp-content\/uploads\/2018\/10\/P1010577.jpg\" alt=\"\" width=\"700\" height=\"525\" \/><\/a><\/p>\n<p><a href=\"http:\/\/jagodzianka.com.pl\/wp-content\/uploads\/2018\/10\/P1010567.jpg\"><img loading=\"lazy\" decoding=\"async\" class=\"aligncenter wp-image-19052\" src=\"http:\/\/jagodzianka.com.pl\/wp-content\/uploads\/2018\/10\/P1010567.jpg\" alt=\"\" width=\"700\" height=\"525\" \/><\/a><\/p>\n<p><span style=\"color: #000000;\"><strong>W Burzynie nad Biebrz\u0105 mo\u017cna z punktu widokowego podziwia\u0107 rozlewiska Biebrzy. Wie\u017ca po\u0142o\u017cona na wzniesieniu umo\u017cliwia ogl\u0105da\u0107 szerok\u0105 panoram\u0119 wij\u0105cej si\u0119 rzeki i jej rozlewisk.<\/strong><\/span><\/p>\n<p><span style=\"color: #000000;\"><strong>Tu cho\u0107 na chwil\u0119 mogli\u015bmy w ten upalny dzie\u0144 rozkoszowa\u0107 si\u0119 silnymi powiewami wiatru, kt\u00f3ry nieco \u0142agodzi\u0142 lej\u0105cy si\u0119 z nieba \u017car.<\/strong><\/span><\/p>\n<div id=\"topLeftColumn\">\n<div class=\"article--text FQN8OU2 YwaUr3X\" data-reactid=\"547\">\n<\/div>\n<\/div>\n<p><a href=\"http:\/\/jagodzianka.com.pl\/wp-content\/uploads\/2018\/10\/P1010661.jpg\"><img loading=\"lazy\" decoding=\"async\" class=\"aligncenter wp-image-19057\" src=\"http:\/\/jagodzianka.com.pl\/wp-content\/uploads\/2018\/10\/P1010661.jpg\" alt=\"\" width=\"700\" height=\"525\" \/><\/a><\/p>\n<p><a href=\"http:\/\/jagodzianka.com.pl\/wp-content\/uploads\/2018\/10\/P1010657.jpg\"><img loading=\"lazy\" decoding=\"async\" class=\"aligncenter wp-image-19058\" src=\"http:\/\/jagodzianka.com.pl\/wp-content\/uploads\/2018\/10\/P1010657.jpg\" alt=\"\" width=\"700\" height=\"519\" \/><\/a><\/p>\n<p><a href=\"http:\/\/jagodzianka.com.pl\/wp-content\/uploads\/2018\/10\/P1010660.jpg\"><img loading=\"lazy\" decoding=\"async\" class=\"aligncenter wp-image-19059\" src=\"http:\/\/jagodzianka.com.pl\/wp-content\/uploads\/2018\/10\/P1010660.jpg\" alt=\"\" width=\"700\" height=\"525\" \/><\/a><\/p>\n<p><span style=\"color: #000000;\"><strong>\u017buraw (fot. Bogus\u0142awa Kierkli)\u00a0 cz\u0119sto go\u015bci w dolinie Biebrzy. Widzieli\u015bmy tego dnia wiele osobnik\u00f3w tego gatunku. Niestety mogli\u015bmy podziwia\u0107 je tylko z oddali.<\/strong><\/span><\/p>\n<p><a href=\"http:\/\/jagodzianka.com.pl\/wp-content\/uploads\/2018\/10\/P1010663.jpg\"><img loading=\"lazy\" decoding=\"async\" class=\"aligncenter wp-image-19060\" src=\"http:\/\/jagodzianka.com.pl\/wp-content\/uploads\/2018\/10\/P1010663.jpg\" alt=\"\" width=\"700\" height=\"475\" \/><\/a><\/p>\n<p><strong><span style=\"color: #000000;\">G\u00f3ra Str\u0119kowa miejsce dla pasjonat\u00f3w historii i przyrody.<\/span><\/strong><\/p>\n<p><strong><span style=\"color: #000000;\">We wrze\u015bniu 1939 roku rozegra\u0142a si\u0119 tu bitwa, kt\u00f3ra przesz\u0142a do historii jako polskie Termopile. 42 tysi\u0105ce \u017co\u0142nierzy niemieckich walczy\u0142o z 720 Polakami, znajduj\u0105cymi si\u0119 w schronach bojowych. Ostatnim punktem oporu by\u0142 bunkier w Str\u0119kowej G\u00f3rze.<\/span><\/strong><\/p>\n<p><strong><span style=\"color: #000000;\">To wzniesienie jest doskona\u0142ym punktem obserwacyjnym, z kt\u00f3rego rozci\u0105ga si\u0105 przepi\u0119kny widok na dolin\u0119 Narwi.<\/span><\/strong><\/p>\n<p><a href=\"http:\/\/jagodzianka.com.pl\/wp-content\/uploads\/2018\/10\/P1010589.jpg\"><img loading=\"lazy\" decoding=\"async\" class=\"aligncenter wp-image-19063\" src=\"http:\/\/jagodzianka.com.pl\/wp-content\/uploads\/2018\/10\/P1010589.jpg\" alt=\"\" width=\"700\" height=\"525\" \/><\/a><\/p>\n<p><a href=\"http:\/\/jagodzianka.com.pl\/wp-content\/uploads\/2018\/10\/P1010588.jpg\"><img loading=\"lazy\" decoding=\"async\" class=\"aligncenter wp-image-19064\" src=\"http:\/\/jagodzianka.com.pl\/wp-content\/uploads\/2018\/10\/P1010588.jpg\" alt=\"\" width=\"700\" height=\"525\" \/><\/a><\/p>\n<p><a href=\"http:\/\/jagodzianka.com.pl\/wp-content\/uploads\/2018\/10\/P1010591.jpg\"><img loading=\"lazy\" decoding=\"async\" class=\"aligncenter wp-image-19065\" src=\"http:\/\/jagodzianka.com.pl\/wp-content\/uploads\/2018\/10\/P1010591.jpg\" alt=\"\" width=\"700\" height=\"525\" \/><\/a><\/p>\n<p><a href=\"http:\/\/jagodzianka.com.pl\/wp-content\/uploads\/2018\/10\/P1010595.jpg\"><img loading=\"lazy\" decoding=\"async\" class=\"aligncenter wp-image-19066\" src=\"http:\/\/jagodzianka.com.pl\/wp-content\/uploads\/2018\/10\/P1010595.jpg\" alt=\"\" width=\"700\" height=\"526\" \/><\/a><\/p>\n<p><span style=\"color: #000000;\"><strong>Po du\u017cej dawce wiedzy przyrodniczo-historycznej czas na kr\u00f3tki relaks i posi\u0142ek. Zatrzymali\u015bmy si\u0119 w restauracji &#8222;U Dany&#8221; w miejscowo\u015bci Ru\u015b usytuowanej na skraju Biebrza\u0144skiego Parku Narodowego w miejscu gdzie rzeka Biebrza \u0142\u0105czy si\u0119 z Narwi\u0105.<\/strong><\/span><\/p>\n<p><a href=\"http:\/\/jagodzianka.com.pl\/wp-content\/uploads\/2018\/10\/P1010639.jpg\"><img loading=\"lazy\" decoding=\"async\" class=\"aligncenter wp-image-19067\" src=\"http:\/\/jagodzianka.com.pl\/wp-content\/uploads\/2018\/10\/P1010639.jpg\" alt=\"\" width=\"700\" height=\"547\" \/><\/a><\/p>\n<p><a href=\"http:\/\/jagodzianka.com.pl\/wp-content\/uploads\/2018\/10\/P1010640.jpg\"><img loading=\"lazy\" decoding=\"async\" class=\"aligncenter wp-image-19068\" src=\"http:\/\/jagodzianka.com.pl\/wp-content\/uploads\/2018\/10\/P1010640.jpg\" alt=\"\" width=\"700\" height=\"639\" \/><\/a><\/p>\n<p><a href=\"http:\/\/jagodzianka.com.pl\/wp-content\/uploads\/2018\/10\/P1010641.jpg\"><img loading=\"lazy\" decoding=\"async\" class=\"aligncenter wp-image-19069\" src=\"http:\/\/jagodzianka.com.pl\/wp-content\/uploads\/2018\/10\/P1010641.jpg\" alt=\"\" width=\"700\" height=\"525\" \/><\/a><\/p>\n<p><span style=\"color: #000000;\"><strong>St\u0105d ju\u017c tylko rzut beretem do Wizny (2 km). Pomimo zm\u0119czenia d\u0142ug\u0105 wycieczk\u0105, gdzie najbardziej da\u0142 si\u0119 wszystkim we znaki upa\u0142, wpadli\u015bmy jeszcze na chwil\u0119 do Wizny, \u017ceby sfotografowa\u0107 murale, kt\u00f3rych w ubieg\u0142ym roku nie uda\u0142o si\u0119 nam zobaczy\u0107.<\/strong><\/span><\/p>\n<p><span style=\"color: #000000;\"><strong>Poni\u017cszy mural pokazuje polskich \u017co\u0142nierzy w niemieckiej niewoli. Dzie\u0142o powsta\u0142o na podstawie zdj\u0119cia o wymiarach 6 x 8 centymetr\u00f3w wykonanego 10 wrze\u015bnia 1939 roku przez niemieckiego \u017co\u0142nierza (prawdopodobnie po prze\u0142amaniu przez Niemc\u00f3w polskiej obrony na G\u00f3rze Str\u0119kowej).\u00a0 <\/strong><\/span><\/p>\n<p><a href=\"http:\/\/jagodzianka.com.pl\/wp-content\/uploads\/2018\/10\/P1010642.jpg\"><img loading=\"lazy\" decoding=\"async\" class=\"aligncenter wp-image-19071\" src=\"http:\/\/jagodzianka.com.pl\/wp-content\/uploads\/2018\/10\/P1010642.jpg\" alt=\"\" width=\"700\" height=\"547\" \/><\/a><\/p>\n<p><span style=\"color: #000000;\"><strong>&#8222;Odchodz\u0105cy \u017co\u0142nierz&#8221;. Obraz przedstawia \u017co\u0142nierza podziemia niepodleg\u0142o\u015bciowego, odchodz\u0105cego w kierunku bagien biebrza\u0144skich, by tam do\u0142\u0105czy\u0107 do swojego oddzia\u0142u. Praca upami\u0119tnia partyzant\u00f3w &#8211; \u017co\u0142nierzy Armii Krajowej z plac\u00f3wki &#8222;Wizna&#8221;.<\/strong><\/span><\/p>\n<p><a href=\"http:\/\/jagodzianka.com.pl\/wp-content\/uploads\/2018\/10\/P1010643.jpg\"><img loading=\"lazy\" decoding=\"async\" class=\"aligncenter wp-image-19072\" src=\"http:\/\/jagodzianka.com.pl\/wp-content\/uploads\/2018\/10\/P1010643.jpg\" alt=\"\" width=\"700\" height=\"556\" \/><\/a><\/p>\n<p><span style=\"color: #000000;\"><strong>Bohaterem tego \u015bciennego malowid\u0142a jest por. Stanis\u0142aw Brykalski, kt\u00f3ry podczas walk we wrze\u015bniu 1939 roku by\u0142 zast\u0119pc\u0105 dow\u00f3dcy obrony odcinka &#8222;Wizna&#8221; kapitana W\u0142adys\u0142awa Raginisa. Porucznik Brykalski zgin\u0105\u0142 9 wrze\u015bnia, \u015bmiertelnie raniony od\u0142amkiem pocisku. Jest to najnowszy<span class=\"UFICommentBody\">, si\u00f3dmy wi\u017anie\u0144ski mural z 2016 roku.<\/span><\/strong><\/span><\/p>\n<p><img loading=\"lazy\" decoding=\"async\" class=\"aligncenter wp-image-19076\" src=\"http:\/\/jagodzianka.com.pl\/wp-content\/uploads\/2018\/10\/P1010644-1.jpg\" alt=\"\" width=\"700\" height=\"513\" \/><\/p>\n<p><span style=\"color: #000000;\"><strong>Ci\u0105g dalszy relacji z podlaskich wakacji w nast\u0119pnych postach \ud83d\ude42<\/strong><\/span><\/p>\n","protected":false},"excerpt":{"rendered":"<p>Od naszych wakacji na Podlasiu, wyj\u0105tkowo d\u0142ugich w tym roku, min\u0119\u0142o ju\u017c p\u00f3\u0142tora miesi\u0105ca. Czas goni, r\u00f3\u017cnych zaj\u0119\u0107 i obowi\u0105zk\u00f3w tak du\u017co, \u017ce trudno by\u0142o wykroi\u0107 cho\u0107 chwilk\u0119 na relacj\u0119 z tych pi\u0119knych dni. Pogoda nie zawiod\u0142a &#8211; wspania\u0142a, czasem upalna, pozwoli\u0142a na realizacj\u0119 wszystkich naszych plan\u00f3w (no mo\u017ce poza Bia\u0142owie\u017c\u0105, ale temu na przeszkodzie &hellip; <a href=\"https:\/\/jagodzianka.com.pl\/?p=19020\" class=\"more-link\">Czytaj dalej <span class=\"screen-reader-text\">Podlaskie wspomnienia<\/span><\/a><\/p>\n","protected":false},"author":2,"featured_media":0,"comment_status":"open","ping_status":"open","sticky":false,"template":"","format":"standard","meta":{"_jetpack_memberships_contains_paid_content":false,"footnotes":""},"categories":[4],"tags":[],"class_list":["post-19020","post","type-post","status-publish","format-standard","hentry","category-inne"],"jetpack_featured_media_url":"","jetpack_sharing_enabled":true,"_links":{"self":[{"href":"https:\/\/jagodzianka.com.pl\/index.php?rest_route=\/wp\/v2\/posts\/19020","targetHints":{"allow":["GET"]}}],"collection":[{"href":"https:\/\/jagodzianka.com.pl\/index.php?rest_route=\/wp\/v2\/posts"}],"about":[{"href":"https:\/\/jagodzianka.com.pl\/index.php?rest_route=\/wp\/v2\/types\/post"}],"author":[{"embeddable":true,"href":"https:\/\/jagodzianka.com.pl\/index.php?rest_route=\/wp\/v2\/users\/2"}],"replies":[{"embeddable":true,"href":"https:\/\/jagodzianka.com.pl\/index.php?rest_route=%2Fwp%2Fv2%2Fcomments&post=19020"}],"version-history":[{"count":0,"href":"https:\/\/jagodzianka.com.pl\/index.php?rest_route=\/wp\/v2\/posts\/19020\/revisions"}],"wp:attachment":[{"href":"https:\/\/jagodzianka.com.pl\/index.php?rest_route=%2Fwp%2Fv2%2Fmedia&parent=19020"}],"wp:term":[{"taxonomy":"category","embeddable":true,"href":"https:\/\/jagodzianka.com.pl\/index.php?rest_route=%2Fwp%2Fv2%2Fcategories&post=19020"},{"taxonomy":"post_tag","embeddable":true,"href":"https:\/\/jagodzianka.com.pl\/index.php?rest_route=%2Fwp%2Fv2%2Ftags&post=19020"}],"curies":[{"name":"wp","href":"https:\/\/api.w.org\/{rel}","templated":true}]}}