{"id":21199,"date":"2019-07-08T12:41:00","date_gmt":"2019-07-08T11:41:00","guid":{"rendered":"http:\/\/jagodzianka.com.pl\/?p=21199"},"modified":"2019-07-08T12:41:00","modified_gmt":"2019-07-08T11:41:00","slug":"ictf-sopot-10-14-czerwca","status":"publish","type":"post","link":"https:\/\/jagodzianka.com.pl\/?p=21199","title":{"rendered":"ICTF Sopot 10-14 czerwca"},"content":{"rendered":"<p><span style=\"color: #000000;\"><strong>Chwila wspomnie\u0144 z czerwca&#8230;<\/strong><\/span><\/p>\n<p><a href=\"http:\/\/jagodzianka.com.pl\/wp-content\/uploads\/2019\/07\/1.jpg\"><img loading=\"lazy\" decoding=\"async\" class=\"aligncenter wp-image-21200\" src=\"http:\/\/jagodzianka.com.pl\/wp-content\/uploads\/2019\/07\/1.jpg\" alt=\"\" width=\"700\" height=\"700\" \/><\/a><\/p>\n<p class=\"-lead\"><span style=\"color: #000000;\"><strong>Mi\u0119dzynarodowy Festiwal Teatr\u00f3w Dzieci\u0119cych i M\u0142odzie\u017cowych ICTF Sopot 2019 (10-14 czerwca) odby\u0142 si\u0119 w Sopocie po raz drugi. <\/strong><\/span><\/p>\n<p><span style=\"color: #000000;\"><strong>Podczas festiwalu mo\u017cna by\u0142o obejrze\u0107 spektakle dzieci\u0119cych i m\u0142odzie\u017cowych grup teatralnych z Polski i ze \u015bwiata.<br \/>\n<\/strong><\/span><\/p>\n<p><span style=\"color: #000000;\"><strong>To by\u0142o prawdziwe \u015bwi\u0119to dzieci\u0119cej i m\u0142odzie\u017cowej tw\u00f3rczo\u015bci scenicznej.<\/strong><\/span><\/p>\n<p><span style=\"color: #000000;\"><strong>Tw\u00f3rc\u0105 i organizatorem Festiwalu ICTF Sopot &#8211; International Children&#8217;s Theatre Festival Sopot\u00a02019 by\u0142a Fundacja Sopocki Teatr Muzyczny Baabus Musicalis.<\/strong><\/span><\/p>\n<p><span style=\"color: #000000;\"><strong>Kr\u00f3tka fotorelacja<\/strong><\/span><\/p>\n<p><a href=\"http:\/\/jagodzianka.com.pl\/wp-content\/uploads\/2019\/07\/3.jpg\"><img loading=\"lazy\" decoding=\"async\" class=\"aligncenter wp-image-21202\" src=\"http:\/\/jagodzianka.com.pl\/wp-content\/uploads\/2019\/07\/3.jpg\" alt=\"\" width=\"700\" height=\"1053\" \/><\/a><\/p>\n<p><a href=\"http:\/\/jagodzianka.com.pl\/wp-content\/uploads\/2019\/07\/2.jpg\"><img loading=\"lazy\" decoding=\"async\" class=\"aligncenter wp-image-21203\" src=\"http:\/\/jagodzianka.com.pl\/wp-content\/uploads\/2019\/07\/2.jpg\" alt=\"\" width=\"700\" height=\"589\" \/><\/a><\/p>\n<p><a href=\"http:\/\/jagodzianka.com.pl\/wp-content\/uploads\/2019\/07\/P1010006-2.jpg\"><img loading=\"lazy\" decoding=\"async\" class=\"aligncenter wp-image-21400\" src=\"http:\/\/jagodzianka.com.pl\/wp-content\/uploads\/2019\/07\/P1010006-2.jpg\" alt=\"\" width=\"700\" height=\"933\" \/><\/a><\/p>\n<p><a href=\"http:\/\/jagodzianka.com.pl\/wp-content\/uploads\/2019\/07\/4.jpg\"><img loading=\"lazy\" decoding=\"async\" class=\"aligncenter wp-image-21205\" src=\"http:\/\/jagodzianka.com.pl\/wp-content\/uploads\/2019\/07\/4.jpg\" alt=\"\" width=\"700\" height=\"480\" \/><\/a><\/p>\n<p><span style=\"color: #000000;\"><strong>Jednym z juror\u00f3w festiwalu by\u0142 prof. Jerzy Stuhr \ud83d\ude42<\/strong><\/span><\/p>\n<p><a href=\"http:\/\/jagodzianka.com.pl\/wp-content\/uploads\/2019\/07\/5.jpg\"><img loading=\"lazy\" decoding=\"async\" class=\"aligncenter size-full wp-image-21206\" src=\"http:\/\/jagodzianka.com.pl\/wp-content\/uploads\/2019\/07\/5.jpg\" alt=\"\" width=\"537\" height=\"536\" \/><\/a><\/p>\n<p><a href=\"http:\/\/jagodzianka.com.pl\/wp-content\/uploads\/2019\/07\/6.jpg\"><img loading=\"lazy\" decoding=\"async\" class=\"aligncenter wp-image-21207\" src=\"http:\/\/jagodzianka.com.pl\/wp-content\/uploads\/2019\/07\/6.jpg\" alt=\"\" width=\"700\" height=\"538\" \/><\/a><\/p>\n<p><a href=\"http:\/\/jagodzianka.com.pl\/wp-content\/uploads\/2019\/07\/7.jpg\"><img loading=\"lazy\" decoding=\"async\" class=\"aligncenter wp-image-21208\" src=\"http:\/\/jagodzianka.com.pl\/wp-content\/uploads\/2019\/07\/7.jpg\" alt=\"\" width=\"700\" height=\"529\" \/><\/a><\/p>\n<p><span style=\"color: #000000;\"><strong>Podczas festiwalu odbywa\u0142y si\u0119 r\u00f3\u017cne warsztaty dla dzieci m.in. ta\u0144ca wsp\u00f3\u0142czesnego \ud83d\ude42<\/strong><\/span><\/p>\n<p><a href=\"http:\/\/jagodzianka.com.pl\/wp-content\/uploads\/2019\/07\/8.jpg\"><img loading=\"lazy\" decoding=\"async\" class=\"aligncenter wp-image-21209\" src=\"http:\/\/jagodzianka.com.pl\/wp-content\/uploads\/2019\/07\/8.jpg\" alt=\"\" width=\"700\" height=\"609\" \/><\/a><\/p>\n<p><a href=\"http:\/\/jagodzianka.com.pl\/wp-content\/uploads\/2019\/07\/9.jpg\"><img loading=\"lazy\" decoding=\"async\" class=\"aligncenter wp-image-21210\" src=\"http:\/\/jagodzianka.com.pl\/wp-content\/uploads\/2019\/07\/9.jpg\" alt=\"\" width=\"700\" height=\"893\" \/><\/a><\/p>\n<p><span style=\"color: #000000;\"><strong>A na Grodzisku w ramach festiwalu odby\u0142o si\u0119 dla uczestnik\u00f3w i ich rodzin ognisko po\u0142\u0105czone z licznymi atrakcjami \ud83d\ude42<\/strong><\/span><\/p>\n<p><a href=\"http:\/\/jagodzianka.com.pl\/wp-content\/uploads\/2019\/07\/10.jpg\"><img loading=\"lazy\" decoding=\"async\" class=\"aligncenter wp-image-21211\" src=\"http:\/\/jagodzianka.com.pl\/wp-content\/uploads\/2019\/07\/10.jpg\" alt=\"\" width=\"700\" height=\"686\" \/><\/a><\/p>\n<p><a href=\"http:\/\/jagodzianka.com.pl\/wp-content\/uploads\/2019\/07\/11.jpg\"><img loading=\"lazy\" decoding=\"async\" class=\"aligncenter wp-image-21212\" src=\"http:\/\/jagodzianka.com.pl\/wp-content\/uploads\/2019\/07\/11.jpg\" alt=\"\" width=\"700\" height=\"676\" \/><\/a><\/p>\n<p><a href=\"http:\/\/jagodzianka.com.pl\/wp-content\/uploads\/2019\/07\/12.jpg\"><img loading=\"lazy\" decoding=\"async\" class=\"aligncenter wp-image-21213\" src=\"http:\/\/jagodzianka.com.pl\/wp-content\/uploads\/2019\/07\/12.jpg\" alt=\"\" width=\"700\" height=\"540\" \/><\/a><\/p>\n<p><span style=\"color: #000000;\"><strong>\ud83d\ude00\u00a0<\/strong> <\/span><\/p>\n","protected":false},"excerpt":{"rendered":"<p>Chwila wspomnie\u0144 z czerwca&#8230; Mi\u0119dzynarodowy Festiwal Teatr\u00f3w Dzieci\u0119cych i M\u0142odzie\u017cowych ICTF Sopot 2019 (10-14 czerwca) odby\u0142 si\u0119 w Sopocie po raz drugi. Podczas festiwalu mo\u017cna by\u0142o obejrze\u0107 spektakle dzieci\u0119cych i m\u0142odzie\u017cowych grup teatralnych z Polski i ze \u015bwiata. To by\u0142o prawdziwe \u015bwi\u0119to dzieci\u0119cej i m\u0142odzie\u017cowej tw\u00f3rczo\u015bci scenicznej. Tw\u00f3rc\u0105 i organizatorem Festiwalu ICTF Sopot &#8211; International &hellip; <a href=\"https:\/\/jagodzianka.com.pl\/?p=21199\" class=\"more-link\">Czytaj dalej <span class=\"screen-reader-text\">ICTF Sopot 10-14 czerwca<\/span><\/a><\/p>\n","protected":false},"author":2,"featured_media":0,"comment_status":"open","ping_status":"open","sticky":false,"template":"","format":"standard","meta":{"_jetpack_memberships_contains_paid_content":false,"footnotes":""},"categories":[4],"tags":[],"class_list":["post-21199","post","type-post","status-publish","format-standard","hentry","category-inne"],"jetpack_featured_media_url":"","jetpack_sharing_enabled":true,"_links":{"self":[{"href":"https:\/\/jagodzianka.com.pl\/index.php?rest_route=\/wp\/v2\/posts\/21199","targetHints":{"allow":["GET"]}}],"collection":[{"href":"https:\/\/jagodzianka.com.pl\/index.php?rest_route=\/wp\/v2\/posts"}],"about":[{"href":"https:\/\/jagodzianka.com.pl\/index.php?rest_route=\/wp\/v2\/types\/post"}],"author":[{"embeddable":true,"href":"https:\/\/jagodzianka.com.pl\/index.php?rest_route=\/wp\/v2\/users\/2"}],"replies":[{"embeddable":true,"href":"https:\/\/jagodzianka.com.pl\/index.php?rest_route=%2Fwp%2Fv2%2Fcomments&post=21199"}],"version-history":[{"count":0,"href":"https:\/\/jagodzianka.com.pl\/index.php?rest_route=\/wp\/v2\/posts\/21199\/revisions"}],"wp:attachment":[{"href":"https:\/\/jagodzianka.com.pl\/index.php?rest_route=%2Fwp%2Fv2%2Fmedia&parent=21199"}],"wp:term":[{"taxonomy":"category","embeddable":true,"href":"https:\/\/jagodzianka.com.pl\/index.php?rest_route=%2Fwp%2Fv2%2Fcategories&post=21199"},{"taxonomy":"post_tag","embeddable":true,"href":"https:\/\/jagodzianka.com.pl\/index.php?rest_route=%2Fwp%2Fv2%2Ftags&post=21199"}],"curies":[{"name":"wp","href":"https:\/\/api.w.org\/{rel}","templated":true}]}}