{"id":24371,"date":"2020-04-23T13:07:06","date_gmt":"2020-04-23T12:07:06","guid":{"rendered":"http:\/\/jagodzianka.com.pl\/?p=24371"},"modified":"2020-04-23T13:07:06","modified_gmt":"2020-04-23T12:07:06","slug":"pasta-z-suszonych-pomidorow-i-sliwek","status":"publish","type":"post","link":"https:\/\/jagodzianka.com.pl\/?p=24371","title":{"rendered":"Pasta z suszonych pomidor\u00f3w i \u015bliwek"},"content":{"rendered":"\n<figure class=\"wp-block-image size-large\"><img decoding=\"async\" src=\"http:\/\/jagodzianka.com.pl\/wp-content\/uploads\/2020\/04\/P1010014.jpg\" alt=\"\" class=\"wp-image-24373\"\/><\/figure>\n\n\n\n<p class=\"has-text-color has-dark-gray-color\"><strong>Pasta z&nbsp;dw\u00f3ch sk\u0142adnik\u00f3w  &#8211;  suszonych pomidor\u00f3w i suszonych \u015bliwek. Niezwykle intensywne w smaku i bardzo aromatyczne suszone pomidory zawieraj\u0105ce  du\u017co likopenu, witamin\u0119 E i K, wap\u0144, \u017celazo, magnez i potas. Dodanie do pomidor\u00f3w s\u0142odkich w smaku suszonych \u015bliwek (kt\u00f3rych walory prozdrowotne wcale nie ust\u0119puj\u0105 suszonym pomidorom) doskonale prze\u0142amuje ich intensywny, kwaskowaty smak. Doprawienie pasty w\u0119dzon\u0105 papryk\u0105, czarnuszk\u0105 i niewielk\u0105 ilo\u015bci\u0105 kolendry (opcjonalnie) stanowi wyj\u0105tkowo korzystne zwie\u0144czenie tej prostej, szybkiej i zdrowej potrawy. A wi\u0119c do dzie\u0142a. Zach\u0119cam \ud83d\ude09<\/strong><\/p>\n\n\n\n<p><\/p>\n\n\n\n<p class=\"has-text-color has-dark-gray-color\"><strong>10 suszonych \u015bliwek<\/strong><\/p>\n\n\n\n<p class=\"has-text-color has-dark-gray-color\"><strong>150 gram ods\u0105czonych z oliwy suszonych pomidor\u00f3w<\/strong><\/p>\n\n\n\n<p class=\"has-text-color has-dark-gray-color\"><strong>1\/4 \u0142y\u017ceczki mielonej kolendry (opcjonalnie)<\/strong><\/p>\n\n\n\n<p class=\"has-text-color has-dark-gray-color\"><strong>3\/4 \u0142y\u017ceczki w\u0119dzonej s\u0142odkiej papryki<\/strong><\/p>\n\n\n\n<p class=\"has-text-color has-dark-gray-color\"><strong>1\/2 \u0142y\u017ceczki czarnuszki<\/strong><\/p>\n\n\n\n<p class=\"has-text-color has-dark-gray-color\"><strong>10 kapar\u00f3w (opcjonalnie)<\/strong><\/p>\n\n\n\n<p><\/p>\n\n\n\n<p class=\"has-text-color has-dark-gray-color\"><strong>\u015aliwki zala\u0107 wrz\u0105tkiem i odstawi\u0107 na&nbsp;kilka minut. <\/strong><\/p>\n\n\n\n<p class=\"has-text-color has-dark-gray-color\"><strong>Do blendera w\u0142o\u017cy\u0107 odcedzone z oliwy pomidory, odcedzone z wody \u015bliwki, kolendr\u0119, czarnuszk\u0119 i w\u0119dzon\u0105 papryk\u0119 oraz kapary (opcjonalnie). Doda\u0107 2 &#8211; 3 \u0142y\u017cki wody z moczenia \u015bliwek oraz 2 &#8211; 3 \u0142y\u017cki oliwy z pomidor\u00f3w. Zblendowa\u0107. W razie potrzeby doprawi\u0107 sol\u0105. Ja nie dosala\u0142am, poniewa\u017c doda\u0142am kapary.<\/strong><\/p>\n\n\n\n<p class=\"has-text-color has-dark-gray-color\"><strong>Pasta pomidorowo-\u015bliwkowa pysznie smakuje zar\u00f3wno z ciemnym, jak na&nbsp;jasnym pieczywem. <\/strong><\/p>\n\n\n\n<figure class=\"wp-block-image size-large\"><img decoding=\"async\" src=\"http:\/\/jagodzianka.com.pl\/wp-content\/uploads\/2020\/04\/P1010015.jpg\" alt=\"\" class=\"wp-image-24376\"\/><\/figure>\n\n\n\n<figure class=\"wp-block-image size-large\"><img decoding=\"async\" src=\"http:\/\/jagodzianka.com.pl\/wp-content\/uploads\/2020\/04\/P1010019.jpg\" alt=\"\" class=\"wp-image-24377\"\/><\/figure>\n\n\n\n<figure class=\"wp-block-image size-large\"><img decoding=\"async\" src=\"http:\/\/jagodzianka.com.pl\/wp-content\/uploads\/2020\/04\/P1010023.jpg\" alt=\"\" class=\"wp-image-24378\"\/><\/figure>\n","protected":false},"excerpt":{"rendered":"<p>Pasta z&nbsp;dw\u00f3ch sk\u0142adnik\u00f3w &#8211; suszonych pomidor\u00f3w i suszonych \u015bliwek. Niezwykle intensywne w smaku i bardzo aromatyczne suszone pomidory zawieraj\u0105ce du\u017co likopenu, witamin\u0119 E i K, wap\u0144, \u017celazo, magnez i potas. Dodanie do pomidor\u00f3w s\u0142odkich w smaku suszonych \u015bliwek (kt\u00f3rych walory prozdrowotne wcale nie ust\u0119puj\u0105 suszonym pomidorom) doskonale prze\u0142amuje ich intensywny, kwaskowaty smak. Doprawienie pasty w\u0119dzon\u0105 &hellip; <a href=\"https:\/\/jagodzianka.com.pl\/?p=24371\" class=\"more-link\">Czytaj dalej <span class=\"screen-reader-text\">Pasta z suszonych pomidor\u00f3w i \u015bliwek<\/span><\/a><\/p>\n","protected":false},"author":2,"featured_media":0,"comment_status":"open","ping_status":"open","sticky":false,"template":"","format":"standard","meta":{"_jetpack_memberships_contains_paid_content":false,"footnotes":""},"categories":[6],"tags":[],"class_list":["post-24371","post","type-post","status-publish","format-standard","hentry","category-kulinaria"],"jetpack_featured_media_url":"","jetpack_sharing_enabled":true,"_links":{"self":[{"href":"https:\/\/jagodzianka.com.pl\/index.php?rest_route=\/wp\/v2\/posts\/24371","targetHints":{"allow":["GET"]}}],"collection":[{"href":"https:\/\/jagodzianka.com.pl\/index.php?rest_route=\/wp\/v2\/posts"}],"about":[{"href":"https:\/\/jagodzianka.com.pl\/index.php?rest_route=\/wp\/v2\/types\/post"}],"author":[{"embeddable":true,"href":"https:\/\/jagodzianka.com.pl\/index.php?rest_route=\/wp\/v2\/users\/2"}],"replies":[{"embeddable":true,"href":"https:\/\/jagodzianka.com.pl\/index.php?rest_route=%2Fwp%2Fv2%2Fcomments&post=24371"}],"version-history":[{"count":0,"href":"https:\/\/jagodzianka.com.pl\/index.php?rest_route=\/wp\/v2\/posts\/24371\/revisions"}],"wp:attachment":[{"href":"https:\/\/jagodzianka.com.pl\/index.php?rest_route=%2Fwp%2Fv2%2Fmedia&parent=24371"}],"wp:term":[{"taxonomy":"category","embeddable":true,"href":"https:\/\/jagodzianka.com.pl\/index.php?rest_route=%2Fwp%2Fv2%2Fcategories&post=24371"},{"taxonomy":"post_tag","embeddable":true,"href":"https:\/\/jagodzianka.com.pl\/index.php?rest_route=%2Fwp%2Fv2%2Ftags&post=24371"}],"curies":[{"name":"wp","href":"https:\/\/api.w.org\/{rel}","templated":true}]}}