{"id":24385,"date":"2020-04-28T13:48:00","date_gmt":"2020-04-28T12:48:00","guid":{"rendered":"http:\/\/jagodzianka.com.pl\/?p=24385"},"modified":"2020-04-28T13:48:00","modified_gmt":"2020-04-28T12:48:00","slug":"w-szczawnie-zdroju","status":"publish","type":"post","link":"https:\/\/jagodzianka.com.pl\/?p=24385","title":{"rendered":"W Szczawnie Zdroju"},"content":{"rendered":"\n<figure class=\"wp-block-image size-large\"><img decoding=\"async\" src=\"http:\/\/jagodzianka.com.pl\/wp-content\/uploads\/2020\/04\/a-3.jpg\" alt=\"\" class=\"wp-image-24402\"\/><\/figure>\n\n\n\n<p class=\"has-text-color has-dark-gray-color\"><strong>Relacja z pobytu w uzdrowisku zarejestrowana kamer\u0105 \ud83d\ude00 <\/strong> <\/p>\n\n\n\n<p class=\"has-text-color has-dark-gray-color\"><strong>Nasz wyjazd na kuracj\u0119 do Szczawna od pocz\u0105tku nie zapowiada\u0142 si\u0119 optymistycznie. By\u0142 to pocz\u0105tek zachorowa\u0144 w Polsce na COVID 2019 i wszystko wskazywa\u0142o, \u017ce rozw\u00f3j choroby b\u0119dzie b\u0142yskawiczny. Zgodzi\u0142am si\u0119 na t\u0119 ju\u017c dawno planowan\u0105 podr\u00f3\u017c pod presj\u0105. Ca\u0142y pobyt, w tym sk\u0105din\u0105d pi\u0119knym kurorcie, by\u0142 obci\u0105\u017cony ci\u0105g\u0142ym strachem i niepewno\u015bci\u0105.<\/strong><\/p>\n\n\n\n<p class=\"has-text-color has-dark-gray-color\"><strong>Koniec ko\u0144c\u00f3w nasza obecno\u015b\u0107 w Szczawnie zosta\u0142a z racji pandemii skr\u00f3cona o tydzie\u0144 \ud83d\ude41<\/strong><\/p>\n\n\n\n<p class=\"has-text-color has-dark-gray-color\"><strong>Przystanek Wroc\u0142aw. Czas na fili\u017cank\u0119 kawy i poci\u0105giem Intercity via Wa\u0142brzych do celu \ud83d\ude42<\/strong><\/p>\n\n\n\n<figure class=\"wp-block-image size-large\"><img decoding=\"async\" src=\"http:\/\/jagodzianka.com.pl\/wp-content\/uploads\/2020\/04\/a-1.jpg\" alt=\"\" class=\"wp-image-24399\"\/><\/figure>\n\n\n\n<figure class=\"wp-block-image size-large\"><img decoding=\"async\" src=\"http:\/\/jagodzianka.com.pl\/wp-content\/uploads\/2020\/04\/a-2.jpg\" alt=\"\" class=\"wp-image-24400\"\/><\/figure>\n\n\n\n<p class=\"has-text-color has-dark-gray-color\"><strong>Zatrzymali\u015bmy si\u0119 w M\u0142ynarzu &#8211; sanatorium po\u0142o\u017conym w centrum uzdrowiska, pomi\u0119dzy zabytkowymi parkami Zdrojowym i Szwedzkim.<\/strong><\/p>\n\n\n\n<figure class=\"wp-block-image size-large\"><img decoding=\"async\" src=\"http:\/\/jagodzianka.com.pl\/wp-content\/uploads\/2020\/04\/a-4.jpg\" alt=\"\" class=\"wp-image-24403\"\/><\/figure>\n\n\n\n<figure class=\"wp-block-image size-large\"><img decoding=\"async\" src=\"http:\/\/jagodzianka.com.pl\/wp-content\/uploads\/2020\/04\/a-5.jpg\" alt=\"\" class=\"wp-image-24404\"\/><\/figure>\n\n\n\n<figure class=\"wp-block-image size-large\"><img decoding=\"async\" src=\"http:\/\/jagodzianka.com.pl\/wp-content\/uploads\/2020\/04\/a-7.jpg\" alt=\"\" class=\"wp-image-24405\"\/><\/figure>\n\n\n\n<figure class=\"wp-block-image size-large\"><img decoding=\"async\" src=\"http:\/\/jagodzianka.com.pl\/wp-content\/uploads\/2020\/04\/a-6.jpg\" alt=\"\" class=\"wp-image-24406\"\/><\/figure>\n\n\n\n<figure class=\"wp-block-image size-large\"><img decoding=\"async\" src=\"http:\/\/jagodzianka.com.pl\/wp-content\/uploads\/2020\/04\/a-8.jpg\" alt=\"\" class=\"wp-image-24407\"\/><\/figure>\n\n\n\n<p class=\"has-text-color has-dark-gray-color\"><strong>Pogoda sprzyja\u0142a. S\u0142onecznie i bardzo ciep\u0142o, jak na t\u0119 por\u0119 roku. Przyroda ch\u0119tnie korzysta\u0142a z takiej aury i na ka\u017cdym kroku wida\u0107 by\u0142o oznaki nadchodz\u0105cej wiosny. \ud83d\ude00<\/strong><\/p>\n\n\n\n<figure class=\"wp-block-image size-large\"><img decoding=\"async\" src=\"http:\/\/jagodzianka.com.pl\/wp-content\/uploads\/2020\/04\/a-11.jpg\" alt=\"\" class=\"wp-image-24409\"\/><\/figure>\n\n\n\n<figure class=\"wp-block-image size-large\"><img decoding=\"async\" src=\"http:\/\/jagodzianka.com.pl\/wp-content\/uploads\/2020\/04\/a-13.jpg\" alt=\"\" class=\"wp-image-24410\"\/><\/figure>\n\n\n\n<figure class=\"wp-block-image size-large\"><img decoding=\"async\" src=\"http:\/\/jagodzianka.com.pl\/wp-content\/uploads\/2020\/04\/a-15.jpg\" alt=\"\" class=\"wp-image-24411\"\/><\/figure>\n\n\n\n<p class=\"has-text-color has-dark-gray-color\"><strong>Wiosn\u0119 poczu\u0142y r\u00f3wnie\u017c liczne gatunki ptak\u00f3w, kt\u00f3re tu w przepi\u0119knych szczawie\u0144skich parkach mo\u017cna by\u0142o s\u0142ucha\u0107 i podziwia\u0107. \ud83d\ude42<\/strong><\/p>\n\n\n\n<p class=\"has-text-color has-dark-gray-color\"><strong>Spo\u015br\u00f3d licznej ptasiej braci sfotografowa\u0107 uda\u0142o si\u0119 bez trudu <\/strong> <strong>przyzwyczajone do obecno\u015bci cz\u0142owieka<\/strong> <strong>go\u0142\u0119bie. Znacznie trudniej by\u0142o upolowa\u0107 kamer\u0105 kosa. Po wielu nieudanych pr\u00f3bach jako\u015b si\u0119 uda\u0142o. \ud83d\ude00<\/strong> <strong>Z pozosta\u0142ymi ptakami niestety nie powiod\u0142o si\u0119, cho\u0107 pr\u00f3b by\u0142o wiele  \ud83d\ude1b<\/strong><\/p>\n\n\n\n<figure class=\"wp-block-image size-large\"><img decoding=\"async\" src=\"http:\/\/jagodzianka.com.pl\/wp-content\/uploads\/2020\/04\/a-16.jpg\" alt=\"\" class=\"wp-image-24412\"\/><\/figure>\n\n\n\n<figure class=\"wp-block-image size-large\"><img decoding=\"async\" src=\"http:\/\/jagodzianka.com.pl\/wp-content\/uploads\/2020\/04\/a-17.jpg\" alt=\"\" class=\"wp-image-24413\"\/><\/figure>\n\n\n\n<figure class=\"wp-block-image size-large\"><img decoding=\"async\" src=\"http:\/\/jagodzianka.com.pl\/wp-content\/uploads\/2020\/04\/a-17a-1.jpg\" alt=\"\" class=\"wp-image-24414\"\/><\/figure>\n\n\n\n<figure class=\"wp-block-image size-large\"><img decoding=\"async\" src=\"http:\/\/jagodzianka.com.pl\/wp-content\/uploads\/2020\/04\/a-17a-2.jpg\" alt=\"\" class=\"wp-image-24415\"\/><\/figure>\n\n\n\n<figure class=\"wp-block-image size-large\"><img decoding=\"async\" src=\"http:\/\/jagodzianka.com.pl\/wp-content\/uploads\/2020\/04\/ss-1.jpg\" alt=\"\" class=\"wp-image-24520\"\/><\/figure>\n\n\n\n<p class=\"has-text-color has-dark-gray-color\"><strong>Interesuj\u0105ce i na pewno nie tuzinkowe karmniki dla ptak\u00f3w.<\/strong> <strong>Pomys\u0142 i wykonanie to zas\u0142uga mieszka\u0144ca Szczawna Zdroju Pana Ludwika Wieczorka prawdziwego pasjonaty.<\/strong> <strong>Godne podziwu i inspiruj\u0105ce \ud83d\ude42<\/strong><\/p>\n\n\n\n<figure class=\"wp-block-image size-large\"><img decoding=\"async\" src=\"http:\/\/jagodzianka.com.pl\/wp-content\/uploads\/2020\/04\/a-19.jpg\" alt=\"\" class=\"wp-image-24416\"\/><\/figure>\n\n\n\n<figure class=\"wp-block-image size-large\"><img decoding=\"async\" src=\"http:\/\/jagodzianka.com.pl\/wp-content\/uploads\/2020\/04\/a-19a-1.jpg\" alt=\"\" class=\"wp-image-24417\"\/><\/figure>\n\n\n\n<figure class=\"wp-block-image size-large\"><img decoding=\"async\" src=\"http:\/\/jagodzianka.com.pl\/wp-content\/uploads\/2020\/04\/a-19a-2.jpg\" alt=\"\" class=\"wp-image-24418\"\/><\/figure>\n\n\n\n<p class=\"has-text-color has-dark-gray-color\"><strong>Przy jednej z alejek w Parku Zdrojowym zago\u015bci\u0142 hotel dla insekt\u00f3w i owad\u00f3w. Naj\u0142adniejszy jaki kiedykolwiek widzia\u0142am i w dodatku o wdzi\u0119cznej nazwie Anto\u015b<\/strong>. <strong> \ud83d\ude09  Tak\u017ce godny na\u015bladowania.<\/strong><\/p>\n\n\n\n<figure class=\"wp-block-image size-large\"><img decoding=\"async\" src=\"http:\/\/jagodzianka.com.pl\/wp-content\/uploads\/2020\/04\/a-20.jpg\" alt=\"\" class=\"wp-image-24419\"\/><\/figure>\n\n\n\n<figure class=\"wp-block-image size-large\"><img decoding=\"async\" src=\"http:\/\/jagodzianka.com.pl\/wp-content\/uploads\/2020\/04\/a-21.jpg\" alt=\"\" class=\"wp-image-24420\"\/><\/figure>\n\n\n\n<p class=\"has-text-color has-dark-gray-color\"><strong>W<\/strong> <strong>uzdrowisku znajduj\u0105 si\u0119 <\/strong> <strong>powsta\u0142e w XIX wieku<\/strong> <strong>dwa przestronne parki utrzymane w stylu angielskim &#8211; Zdrojowy i Szwedzki. Obydwa z bogat\u0105 ro\u015blinno\u015bci\u0105 zar\u00f3wno rodzim\u0105 jak i aklimatyzowan\u0105 (ok. 180 gatunk\u00f3w), w\u015br\u00f3d  kt\u00f3rej 130 drzew i krzew\u00f3w maj\u0105 status pomnik\u00f3w przyrody.<\/strong> <\/p>\n\n\n\n<figure class=\"wp-block-image size-large\"><img decoding=\"async\" src=\"http:\/\/jagodzianka.com.pl\/wp-content\/uploads\/2020\/04\/a-21a-1.jpg\" alt=\"\" class=\"wp-image-24421\"\/><\/figure>\n\n\n\n<p class=\"has-text-color has-dark-gray-color\"><strong>Nieopodal od g\u0142\u00f3wnego wej\u015bcia do Parku Zdrojowego po prawej stronie ro\u015bnie okaza\u0142a lipa drobnolistna &#8211; pomnik przyrody. Takich pi\u0119knych wiekowych lip ro\u015bnie tu wiele. <\/strong><\/p>\n\n\n\n<figure class=\"wp-block-image size-large\"><img decoding=\"async\" src=\"http:\/\/jagodzianka.com.pl\/wp-content\/uploads\/2020\/04\/a-21a-2.jpg\" alt=\"\" class=\"wp-image-24422\"\/><\/figure>\n\n\n\n<figure class=\"wp-block-image size-large\"><img decoding=\"async\" src=\"http:\/\/jagodzianka.com.pl\/wp-content\/uploads\/2020\/04\/a-22.jpg\" alt=\"\" class=\"wp-image-24423\"\/><\/figure>\n\n\n\n<figure class=\"wp-block-image size-large\"><img decoding=\"async\" src=\"http:\/\/jagodzianka.com.pl\/wp-content\/uploads\/2020\/04\/a-23.jpg\" alt=\"\" class=\"wp-image-24424\"\/><\/figure>\n\n\n\n<figure class=\"wp-block-image size-large\"><img decoding=\"async\" src=\"http:\/\/jagodzianka.com.pl\/wp-content\/uploads\/2020\/04\/a-23a.jpg\" alt=\"\" class=\"wp-image-24425\"\/><\/figure>\n\n\n\n<p class=\"has-text-color has-dark-gray-color\"><strong>Mnie zauroczy\u0142y w Szczawnie licznie rosn\u0105ce stare buki, kt\u00f3re w wi\u0119kszo\u015bci s\u0105 pomnikami przyrody. Codziennie spaceruj\u0105c mogli\u015bmy je podziwia\u0107. <\/strong><\/p>\n\n\n\n<p class=\"has-text-color has-dark-gray-color\"><strong>Z okna pokoju, w kt\u00f3rym mieszkali\u015bmy raczy\u0142a nas swoim widokiem rosn\u0105ca na skwerku gromadka starych buk\u00f3w. \ud83d\ude09 <\/strong><\/p>\n\n\n\n<figure class=\"wp-block-image size-large\"><img decoding=\"async\" src=\"http:\/\/jagodzianka.com.pl\/wp-content\/uploads\/2020\/04\/1-8.jpg\" alt=\"\" class=\"wp-image-24534\"\/><\/figure>\n\n\n\n<p class=\"has-text-color has-dark-gray-color\"><strong>Nieopodal, vis a vis Domu Zdrojowego, znajduj\u0105 si\u0119 bardzo fotogeniczne stoj\u0105ce obok siebie cztery pomnikowe buki  pospolite \ud83d\ude42<\/strong><\/p>\n\n\n\n<figure class=\"wp-block-image size-large\"><img decoding=\"async\" src=\"http:\/\/jagodzianka.com.pl\/wp-content\/uploads\/2020\/04\/a-26.jpg\" alt=\"\" class=\"wp-image-24427\"\/><\/figure>\n\n\n\n<figure class=\"wp-block-image size-large\"><img decoding=\"async\" src=\"http:\/\/jagodzianka.com.pl\/wp-content\/uploads\/2020\/04\/a-26a-1.jpg\" alt=\"\" class=\"wp-image-24428\"\/><\/figure>\n\n\n\n<figure class=\"wp-block-image size-large\"><img decoding=\"async\" src=\"http:\/\/jagodzianka.com.pl\/wp-content\/uploads\/2020\/04\/a-26a-2.jpg\" alt=\"\" class=\"wp-image-24429\"\/><\/figure>\n\n\n\n<p class=\"has-text-color has-dark-gray-color\"><strong>Wiekowa lipa (tu\u017c obok naszego sanatorium) niestety kt\u00f3rej\u015b nocy pad\u0142a pod naporem silnego wiatru \ud83d\ude41  Nie s\u0105 to przypadki odosobnione. Po wielu pomnikach przyrody &#8211; pozosta\u0142y ku pami\u0119ci potomnym &#8211; tylko opatrzone tabliczkami niewielkie pniaki. <\/strong><\/p>\n\n\n\n<figure class=\"wp-block-image size-large\"><img decoding=\"async\" src=\"http:\/\/jagodzianka.com.pl\/wp-content\/uploads\/2020\/04\/a-4a.jpg\" alt=\"\" class=\"wp-image-24430\"\/><\/figure>\n\n\n\n<p class=\"has-text-color has-dark-gray-color\"><strong>Szczawno zachwyca, obj\u0119tymi \u015bcis\u0142\u0105 ochron\u0105, d\u0142ugowiecznymi cisami. Zar\u00f3wno formy drzewiaste jak i p\u0142o\u017c\u0105ce cis\u00f3w spotka\u0107 tu mo\u017cna w wielu miejscach. Jeden z nich ponad 10 metrowy  podziwiali\u015bmy z okna naszego pokoju. \ud83d\ude42<\/strong> <strong>Chroni\u0142 od s\u0142o\u0144ca i by\u0142 azylem dla wielu ptak\u00f3w, kt\u00f3rych \u015bpiew radowa\u0142 nasze uszy.  \ud83d\ude09<\/strong><\/p>\n\n\n\n<p class=\"has-text-color has-dark-gray-color\"><strong>Szpalerem cis\u00f3w zachwyci\u0107 si\u0119 mo\u017cna r\u00f3wnie\u017c w Parku Zdrojowym. Poni\u017cej godny podziwu wiekowy cis p\u0142o\u017c\u0105cy.  \ud83d\ude09 <\/strong><\/p>\n\n\n\n<figure class=\"wp-block-image size-large\"><img decoding=\"async\" src=\"http:\/\/jagodzianka.com.pl\/wp-content\/uploads\/2020\/04\/a-28.jpg\" alt=\"\" class=\"wp-image-24431\"\/><\/figure>\n\n\n\n<figure class=\"wp-block-image size-large\"><img decoding=\"async\" src=\"http:\/\/jagodzianka.com.pl\/wp-content\/uploads\/2020\/04\/a-29.jpg\" alt=\"\" class=\"wp-image-24432\"\/><\/figure>\n\n\n\n<p class=\"has-text-color has-dark-gray-color\"><strong>Pomnik psa rasy mastif ozdabia wej\u015bcie do Parku Zdrojowego od strony Pijalni W\u00f3d. Pies ma  naturalne rozmiary i jest wiern\u0105 kopi\u0105 rze\u017aby wykonanej w ko\u0144cu XVI wieku przez Sakso\u0144skiego artyst\u0119. Orygina\u0142 rze\u017aby znajduje si\u0119 w zamku w Brzegu na Opolszczy\u017anie.  <\/strong><\/p>\n\n\n\n<figure class=\"wp-block-image size-large\"><img decoding=\"async\" src=\"http:\/\/jagodzianka.com.pl\/wp-content\/uploads\/2020\/04\/a-33.jpg\" alt=\"\" class=\"wp-image-24433\"\/><\/figure>\n\n\n\n<p class=\"has-text-color has-dark-gray-color\"><strong>Oryginalna, mierz\u0105ca 340 centymetr\u00f3w rze\u017aba &#8222;Noemi&#8221; wykuta w granicie przez artyst\u0119 Mieczys\u0142awa Weltera ozdabia skwer Parku Zdrojowego. Wykonana zosta\u0142a w 1974 roku.<\/strong><\/p>\n\n\n\n<figure class=\"wp-block-image size-large\"><img decoding=\"async\" src=\"http:\/\/jagodzianka.com.pl\/wp-content\/uploads\/2020\/04\/a-34.jpg\" alt=\"\" class=\"wp-image-24434\"\/><\/figure>\n\n\n\n<p class=\"has-text-color has-dark-gray-color\"><strong>Nieopodal g\u0142\u00f3wnej bramy Parku Zdrojowego wita rze\u017aba Henryka Wieniawskiego ze skrzypcami w r\u0119ku. Jak\u017ceby zreszt\u0105 mog\u0142o by\u0107 inaczej, skoro Mistrz smyczka patronuje Parkowi oraz tutejszemu Teatrowi Zdrojowemu \ud83d\ude42 <\/strong><\/p>\n\n\n\n<p class=\"has-text-color has-dark-gray-color\"><strong>Jego autorem jest Robert Soboci\u0144ski. Pomnik ufundowany zosta\u0142 z okazji 50-go Jubileuszowego Festiwalu Henryka Wieniawskiego (2015r.). <\/strong><\/p>\n\n\n\n<figure class=\"wp-block-image size-large\"><img decoding=\"async\" src=\"http:\/\/jagodzianka.com.pl\/wp-content\/uploads\/2020\/04\/a-35.jpg\" alt=\"\" class=\"wp-image-24435\"\/><\/figure>\n\n\n\n<figure class=\"wp-block-image size-large\"><img decoding=\"async\" src=\"http:\/\/jagodzianka.com.pl\/wp-content\/uploads\/2020\/04\/a-36.jpg\" alt=\"\" class=\"wp-image-24436\"\/><\/figure>\n\n\n\n<p class=\"has-text-color has-dark-gray-color\"><strong>W g\u00f3rnej cz\u0119\u015bci Parku Zdrojowego stoi wykonane z piaskowca popiersie Mistrza Henryka Wieniawskiego. Autor Bogdan Hofman. Powsta\u0142o w 1966 roku. \ud83d\ude42 <\/strong><\/p>\n\n\n\n<figure class=\"wp-block-image size-large\"><img decoding=\"async\" src=\"http:\/\/jagodzianka.com.pl\/wp-content\/uploads\/2020\/04\/a-36a.jpg\" alt=\"\" class=\"wp-image-24437\"\/><\/figure>\n\n\n\n<p class=\"has-text-color has-dark-gray-color\"><strong>Szczawno Zdr\u00f3j to miejsce narodzin Garharta Hauptmanna &#8211;  pisarza, dramaturga, noblisty. Jego rodzinny dom to dzisiejsze sanatorium Korona Piastowska<\/strong> <strong>(dawniej hotel &#8222;Zur Preussischen Krone&#8221;). Tu w\u0142a\u015bnie usytuowany jest pomnik noblisty, wykonany z granitu strzegomskiego z p\u0142askorze\u017ab\u0105 autorstwa  rze\u017abiarki z Wa\u0142brzycha Marii Bor.  <\/strong><\/p>\n\n\n\n<figure class=\"wp-block-image size-large\"><img decoding=\"async\" src=\"http:\/\/jagodzianka.com.pl\/wp-content\/uploads\/2020\/04\/a-46.jpg\" alt=\"\" class=\"wp-image-24448\"\/><\/figure>\n\n\n\n<figure class=\"wp-block-image size-large\"><img decoding=\"async\" src=\"http:\/\/jagodzianka.com.pl\/wp-content\/uploads\/2020\/04\/a-47.jpg\" alt=\"\" class=\"wp-image-24449\"\/><\/figure>\n\n\n\n<figure class=\"wp-block-image size-large\"><img decoding=\"async\" src=\"http:\/\/jagodzianka.com.pl\/wp-content\/uploads\/2020\/04\/a-36b.jpg\" alt=\"\" class=\"wp-image-24438\"\/><\/figure>\n\n\n\n<p class=\"has-text-color has-dark-gray-color\"><strong>Rze\u017aba &#8222;Pani r\u00f3\u017c&#8221; d\u0142uta Jerzego  Koczewskiego trafi\u0142a do Szczawna w 1985 roku. Wysoka, 240 metrowa rze\u017aba z marmuru szyd\u0142owieckiego stoi na obrze\u017cach Parku Zdrojowego na tle Zak\u0142adu Przyrodoleczniczego (obecnie w odbudowie po po\u017carze). <\/strong><\/p>\n\n\n\n<figure class=\"wp-block-image size-large\"><img decoding=\"async\" src=\"http:\/\/jagodzianka.com.pl\/wp-content\/uploads\/2020\/04\/a-37.jpg\" alt=\"\" class=\"wp-image-24439\"\/><\/figure>\n\n\n\n<figure class=\"wp-block-image size-large\"><img decoding=\"async\" src=\"http:\/\/jagodzianka.com.pl\/wp-content\/uploads\/2020\/04\/a-38.jpg\" alt=\"\" class=\"wp-image-24440\"\/><\/figure>\n\n\n\n<figure class=\"wp-block-image size-large\"><img decoding=\"async\" src=\"http:\/\/jagodzianka.com.pl\/wp-content\/uploads\/2020\/04\/a-39.jpg\" alt=\"\" class=\"wp-image-24441\"\/><\/figure>\n\n\n\n<p class=\"has-text-color has-dark-gray-color\"><strong>Zak\u0142ad Przyrodoleczniczy aktualnie remontowany po tragicznym po\u017carze w 2018 roku, na skutek kt\u00f3rego  sp\u0142on\u0119\u0142a doszcz\u0119tnie drewniana konstrukcja dachu. <\/strong><\/p>\n\n\n\n<figure class=\"wp-block-image size-large\"><img decoding=\"async\" src=\"http:\/\/jagodzianka.com.pl\/wp-content\/uploads\/2020\/04\/a-40.jpg\" alt=\"\" class=\"wp-image-24442\"\/><\/figure>\n\n\n\n<p class=\"has-text-color has-dark-gray-color\"><strong>Lew, a w\u0142a\u015bciwie dwa lwy ( po obu stronach wej\u015bcia do budynku) strzeg\u0105ce Zak\u0142adu Przyrodoleczniczego w Szczawnie \ud83d\ude09<\/strong><\/p>\n\n\n\n<figure class=\"wp-block-image size-large\"><img decoding=\"async\" src=\"http:\/\/jagodzianka.com.pl\/wp-content\/uploads\/2020\/04\/a-41.jpg\" alt=\"\" class=\"wp-image-24443\"\/><\/figure>\n\n\n\n<p class=\"has-text-color has-dark-gray-color\"><strong>Centralnym punktem Szczawna Zdroju jest Dom Zdrojowy<\/strong> <strong>zamieszkiwany obecnie przez kuracjuszy<\/strong> <strong>(pierwotnie by\u0142 to Grand Hotel i nale\u017ca\u0142 do Ksi\u0119\u017cnej Marii Teresy Oliwii, zwanej Ksi\u0119\u017cn\u0105 Daisy). <\/strong>  <\/p>\n\n\n\n<p class=\"has-text-color has-dark-gray-color\"><strong>Zachwycaj\u0105ca architektura tej budowli, pi\u0119kny ogromny hol, kt\u00f3ry s\u0142u\u017cy tak\u017ce jako sala koncertowa. Na szczycie gmachu znajduje si\u0119 taras z  punktem  widokowym<\/strong>.  <\/p>\n\n\n\n<p class=\"has-text-color has-dark-gray-color\"><strong>Dom Zdrojowy &#8211; widok od ty\u0142u. Niezaprzeczalne podobie\u0144stwo do sopockiego Grand Hotelu. <\/strong> <strong>By\u0142 on rzekomo inspiracj\u0105 dla architekt\u00f3w sopockiego Grandu, kt\u00f3ry powsta\u0142 dekad\u0119 p\u00f3\u017aniej.  \ud83d\ude42<\/strong><\/p>\n\n\n\n<figure class=\"wp-block-image size-large\"><img decoding=\"async\" src=\"http:\/\/jagodzianka.com.pl\/wp-content\/uploads\/2020\/04\/a-42.jpg\" alt=\"\" class=\"wp-image-24444\"\/><\/figure>\n\n\n\n<figure class=\"wp-block-image size-large\"><img decoding=\"async\" src=\"http:\/\/jagodzianka.com.pl\/wp-content\/uploads\/2020\/04\/a-44.jpg\" alt=\"\" class=\"wp-image-24445\"\/><\/figure>\n\n\n\n<p class=\"has-text-color has-dark-gray-color\"><strong>Hochbergowie mieli swoj\u0105 siedzib\u0119 w Zamku Ksi\u0105\u017c i byli w\u0142a\u015bcicielami m.in. Szczawna Zdroju.<br>Nad wej\u015bciem do Domu Zdrojowego widnieje herb z wizerunkiem Zamku Ksi\u0105\u017c. <\/strong><\/p>\n\n\n\n<figure class=\"wp-block-image size-large\"><img decoding=\"async\" src=\"http:\/\/jagodzianka.com.pl\/wp-content\/uploads\/2020\/04\/a-56.jpg\" alt=\"\" class=\"wp-image-24459\"\/><\/figure>\n\n\n\n<p class=\"has-text-color has-text-align-center has-dark-gray-color\"><strong>Front Domu Zdrojowego<\/strong><\/p>\n\n\n\n<figure class=\"wp-block-image size-large\"><img decoding=\"async\" src=\"http:\/\/jagodzianka.com.pl\/wp-content\/uploads\/2020\/04\/a-45.jpg\" alt=\"\" class=\"wp-image-24447\"\/><\/figure>\n\n\n\n<p class=\"has-text-color has-text-align-center has-dark-gray-color\"><strong>Pi\u0119kny odremontowany ratusz z elementami secesyjnymi. <\/strong><\/p>\n\n\n\n<figure class=\"wp-block-image size-large\"><img decoding=\"async\" src=\"http:\/\/jagodzianka.com.pl\/wp-content\/uploads\/2020\/04\/a-48.jpg\" alt=\"\" class=\"wp-image-24451\"\/><\/figure>\n\n\n\n<figure class=\"wp-block-image size-large\"><img decoding=\"async\" src=\"http:\/\/jagodzianka.com.pl\/wp-content\/uploads\/2020\/04\/a-49.jpg\" alt=\"\" class=\"wp-image-24452\"\/><\/figure>\n\n\n\n<figure class=\"wp-block-image size-large\"><img decoding=\"async\" src=\"http:\/\/jagodzianka.com.pl\/wp-content\/uploads\/2020\/04\/a-50.jpg\" alt=\"\" class=\"wp-image-24453\"\/><\/figure>\n\n\n\n<p class=\"has-text-color has-dark-gray-color\"><strong>Ulica Tadeusza Ko\u015bciuszki &#8211; niespe\u0142na p\u00f3\u0142kilometrowy, zamkni\u0119ty  dla wszelkich pojazd\u00f3w deptak &#8211; idealne miejsce na spacery. <\/strong><\/p>\n\n\n\n<figure class=\"wp-block-image size-large\"><img decoding=\"async\" src=\"http:\/\/jagodzianka.com.pl\/wp-content\/uploads\/2020\/04\/a-53.jpg\" alt=\"\" class=\"wp-image-24454\"\/><\/figure>\n\n\n\n<figure class=\"wp-block-image size-large\"><img decoding=\"async\" src=\"http:\/\/jagodzianka.com.pl\/wp-content\/uploads\/2020\/04\/a-54.jpg\" alt=\"\" class=\"wp-image-24455\"\/><\/figure>\n\n\n\n<p class=\"has-text-color has-dark-gray-color\"><strong>Prawdziwa per\u0142a architektoniczna Szczawna &#8211; Teatr Zdrojowy im. Henryka  Wieniawskiego &#8211; usytuowany na deptaku przy ul. Ko\u015bciuszki. To niewielka scena typu &#8222;pude\u0142kowego&#8221; utrzymana w  neorokokowym wystroju. Niestety z powodu pandemii nie dane nam by\u0142o zobaczy\u0107 wn\u0119trza teatru ani uczestniczy\u0107 w \u017cadnym spektaklu. \ud83d\ude41<\/strong><\/p>\n\n\n\n<figure class=\"wp-block-image size-large\"><img decoding=\"async\" src=\"http:\/\/jagodzianka.com.pl\/wp-content\/uploads\/2020\/04\/a-54a-1.jpg\" alt=\"\" class=\"wp-image-24456\"\/><\/figure>\n\n\n\n<figure class=\"wp-block-image size-large\"><img decoding=\"async\" src=\"http:\/\/jagodzianka.com.pl\/wp-content\/uploads\/2020\/04\/a-54a-2.jpg\" alt=\"\" class=\"wp-image-24457\"\/><\/figure>\n\n\n\n<figure class=\"wp-block-image size-large\"><img decoding=\"async\" src=\"http:\/\/jagodzianka.com.pl\/wp-content\/uploads\/2020\/04\/a-54a1a.jpg\" alt=\"\" class=\"wp-image-24458\"\/><\/figure>\n\n\n\n<p class=\"has-text-color has-dark-gray-color\"><strong>G\u0142\u00f3wne wej\u015bcie na teren Parku Zdrojowego. Pi\u0119kna, oryginalnie zachowana brama, kuta z \u017celaza, zwie\u0144czona arkad\u0105. <\/strong><\/p>\n\n\n\n<figure class=\"wp-block-image size-large\"><img decoding=\"async\" src=\"http:\/\/jagodzianka.com.pl\/wp-content\/uploads\/2020\/04\/a-59.jpg\" alt=\"\" class=\"wp-image-24461\"\/><\/figure>\n\n\n\n<figure class=\"wp-block-image size-large\"><img decoding=\"async\" src=\"http:\/\/jagodzianka.com.pl\/wp-content\/uploads\/2020\/04\/a-60.jpg\" alt=\"\" class=\"wp-image-24462\"\/><\/figure>\n\n\n\n<p class=\"has-text-align-center\"><strong>Deptak Parku Zdrojowego \ud83d\ude42<\/strong><\/p>\n\n\n\n<figure class=\"wp-block-image size-large\"><img decoding=\"async\" src=\"http:\/\/jagodzianka.com.pl\/wp-content\/uploads\/2020\/04\/a-60a.jpg\" alt=\"\" class=\"wp-image-24463\"\/><\/figure>\n\n\n\n<figure class=\"wp-block-image size-large\"><img decoding=\"async\" src=\"http:\/\/jagodzianka.com.pl\/wp-content\/uploads\/2020\/04\/a-61.jpg\" alt=\"\" class=\"wp-image-24464\"\/><\/figure>\n\n\n\n<figure class=\"wp-block-image size-large\"><img decoding=\"async\" src=\"http:\/\/jagodzianka.com.pl\/wp-content\/uploads\/2020\/04\/a-63.jpg\" alt=\"\" class=\"wp-image-24465\"\/><\/figure>\n\n\n\n<figure class=\"wp-block-image size-large\"><img decoding=\"async\" src=\"http:\/\/jagodzianka.com.pl\/wp-content\/uploads\/2020\/04\/a-64.jpg\" alt=\"\" class=\"wp-image-24466\"\/><\/figure>\n\n\n\n<figure class=\"wp-block-image size-large\"><img decoding=\"async\" src=\"http:\/\/jagodzianka.com.pl\/wp-content\/uploads\/2020\/04\/a-67.jpg\" alt=\"\" class=\"wp-image-24467\"\/><\/figure>\n\n\n\n<figure class=\"wp-block-image size-large\"><img decoding=\"async\" src=\"http:\/\/jagodzianka.com.pl\/wp-content\/uploads\/2020\/04\/a-68.jpg\" alt=\"\" class=\"wp-image-24468\"\/><\/figure>\n\n\n\n<figure class=\"wp-block-image size-large\"><img decoding=\"async\" src=\"http:\/\/jagodzianka.com.pl\/wp-content\/uploads\/2020\/04\/a-68a.jpg\" alt=\"\" class=\"wp-image-24469\"\/><\/figure>\n\n\n\n<p class=\"has-text-color has-dark-gray-color\"><strong>Zbudowana w 1896 roku Pijalnia W\u00f3d Mineralnych sp\u0142on\u0119\u0142a w 1992 Odbudowana i oddana do u\u017cytki w roku 1996. To Jest jeden z najpi\u0119kniejszych obiekt\u00f3w  tego typu w kraju. Znajduj\u0105 si\u0119 tu uj\u0119cia \u017ar\u00f3de\u0142 wody leczniczej  &#8222;Mieszko&#8221;, &#8222;D\u0105br\u00f3wka&#8221; i &#8222;M\u0142ynarz<em>&#8222;<\/em>.<\/strong> <strong>Niemal ka\u017cdego dnia korzystali\u015bmy z dobrodziejstw tych w\u00f3d.<\/strong><\/p>\n\n\n\n<figure class=\"wp-block-image size-large\"><img decoding=\"async\" src=\"http:\/\/jagodzianka.com.pl\/wp-content\/uploads\/2020\/04\/a-69.jpg\" alt=\"\" class=\"wp-image-24470\"\/><\/figure>\n\n\n\n<figure class=\"wp-block-image size-large\"><img decoding=\"async\" src=\"http:\/\/jagodzianka.com.pl\/wp-content\/uploads\/2020\/04\/a-69a.jpg\" alt=\"\" class=\"wp-image-24471\"\/><\/figure>\n\n\n\n<figure class=\"wp-block-image size-large\"><img decoding=\"async\" src=\"http:\/\/jagodzianka.com.pl\/wp-content\/uploads\/2020\/04\/a-70.jpg\" alt=\"\" class=\"wp-image-24472\"\/><\/figure>\n\n\n\n<figure class=\"wp-block-image size-large\"><img decoding=\"async\" src=\"http:\/\/jagodzianka.com.pl\/wp-content\/uploads\/2020\/04\/a-78.jpg\" alt=\"\" class=\"wp-image-24480\"\/><\/figure>\n\n\n\n<figure class=\"wp-block-image size-large\"><img decoding=\"async\" src=\"http:\/\/jagodzianka.com.pl\/wp-content\/uploads\/2020\/04\/a-79.jpg\" alt=\"\" class=\"wp-image-24481\"\/><\/figure>\n\n\n\n<div class=\"wp-block-image\"><figure class=\"aligncenter size-large\"><img decoding=\"async\" src=\"http:\/\/jagodzianka.com.pl\/wp-content\/uploads\/2020\/04\/a-82-614x1024.jpg\" alt=\"\" class=\"wp-image-24484\"\/><\/figure><\/div>\n\n\n\n<figure class=\"wp-block-image size-large\"><img decoding=\"async\" src=\"http:\/\/jagodzianka.com.pl\/wp-content\/uploads\/2020\/04\/a-80-668x1024.jpg\" alt=\"\" class=\"wp-image-24482\"\/><\/figure>\n\n\n\n<figure class=\"wp-block-image size-large\"><img decoding=\"async\" src=\"http:\/\/jagodzianka.com.pl\/wp-content\/uploads\/2020\/04\/a-81-673x1024.jpg\" alt=\"\" class=\"wp-image-24483\"\/><\/figure>\n\n\n\n<figure class=\"wp-block-image size-large\"><img decoding=\"async\" src=\"http:\/\/jagodzianka.com.pl\/wp-content\/uploads\/2020\/04\/a-83.jpg\" alt=\"\" class=\"wp-image-24485\"\/><\/figure>\n\n\n\n<p class=\"has-text-color has-dark-gray-color\"><strong>Hala spacerowa<\/strong> <strong>zbudowana w 1894 roku, s\u0142usznie uchodzi za jedn\u0105 z  najpi\u0119kniejszych nie tylko w Sudetach, ale i w ca\u0142ej Polsce. Przylega z jednej strony do pijalni w\u00f3d, a z drugiej do teatru. Jest otwarta bezpo\u015brednio na park. Ma 77 metr\u00f3w d\u0142ugo\u015bci oraz  10 wysoko\u015bci.  <\/strong><\/p>\n\n\n\n<figure class=\"wp-block-image size-large\"><img decoding=\"async\" src=\"http:\/\/jagodzianka.com.pl\/wp-content\/uploads\/2020\/04\/a-71.jpg\" alt=\"\" class=\"wp-image-24473\"\/><\/figure>\n\n\n\n<figure class=\"wp-block-image size-large\"><img decoding=\"async\" src=\"http:\/\/jagodzianka.com.pl\/wp-content\/uploads\/2020\/04\/a-72.jpg\" alt=\"\" class=\"wp-image-24474\"\/><\/figure>\n\n\n\n<figure class=\"wp-block-image size-large\"><img decoding=\"async\" src=\"http:\/\/jagodzianka.com.pl\/wp-content\/uploads\/2020\/04\/a-73.jpg\" alt=\"\" class=\"wp-image-24475\"\/><\/figure>\n\n\n\n<figure class=\"wp-block-image size-large\"><img decoding=\"async\" src=\"http:\/\/jagodzianka.com.pl\/wp-content\/uploads\/2020\/04\/a-74.jpg\" alt=\"\" class=\"wp-image-24476\"\/><\/figure>\n\n\n\n<p class=\"has-text-color has-text-align-center has-dark-gray-color\"><strong>Ni\u017cej hala widziana od strony ulicy Ko\u015bciuszki.<\/strong><\/p>\n\n\n\n<figure class=\"wp-block-image size-large\"><img decoding=\"async\" src=\"http:\/\/jagodzianka.com.pl\/wp-content\/uploads\/2020\/04\/a-75.jpg\" alt=\"\" class=\"wp-image-24477\"\/><\/figure>\n\n\n\n<figure class=\"wp-block-image size-large\"><img decoding=\"async\" src=\"http:\/\/jagodzianka.com.pl\/wp-content\/uploads\/2020\/04\/a-76.jpg\" alt=\"\" class=\"wp-image-24478\"\/><\/figure>\n\n\n\n<figure class=\"wp-block-image size-large\"><img decoding=\"async\" src=\"http:\/\/jagodzianka.com.pl\/wp-content\/uploads\/2020\/04\/a-77.jpg\" alt=\"\" class=\"wp-image-24479\"\/><\/figure>\n\n\n\n<p class=\"has-text-color has-text-align-center has-dark-gray-color\"><strong>Kamienne schody w Parku Zdrojowym<\/strong><\/p>\n\n\n\n<figure class=\"wp-block-image size-large\"><img decoding=\"async\" src=\"http:\/\/jagodzianka.com.pl\/wp-content\/uploads\/2020\/04\/a-104-668x1024.jpg\" alt=\"\" class=\"wp-image-24504\"\/><\/figure>\n\n\n\n<p class=\"has-text-color has-dark-gray-color\"><strong>Nieopodal schod\u00f3w znajduje si\u0119 grota skalna z kaskad\u0105  wodn\u0105 (w czasie naszego pobytu kaskada wodna nie by\u0142a uruchomiona). To urokliwy o zabytkowym charakterze zak\u0105tek. <\/strong><\/p>\n\n\n\n<figure class=\"wp-block-image size-large\"><img decoding=\"async\" src=\"http:\/\/jagodzianka.com.pl\/wp-content\/uploads\/2020\/04\/a-84.jpg\" alt=\"\" class=\"wp-image-24487\"\/><\/figure>\n\n\n\n<figure class=\"wp-block-image size-large\"><img decoding=\"async\" src=\"http:\/\/jagodzianka.com.pl\/wp-content\/uploads\/2020\/04\/a-85.jpg\" alt=\"\" class=\"wp-image-24488\"\/><\/figure>\n\n\n\n<figure class=\"wp-block-image size-large\"><img decoding=\"async\" src=\"http:\/\/jagodzianka.com.pl\/wp-content\/uploads\/2020\/04\/a-86.jpg\" alt=\"\" class=\"wp-image-24489\"\/><\/figure>\n\n\n\n<p class=\"has-text-color has-dark-gray-color\"><strong>Wie\u017ca Anny.  Wznosi si\u0119 na niewielkim wzg\u00f3rzu nad uzdrowiskiem po prawej stronie g\u0142\u00f3wnego wej\u015bcia do Parku Zdrojowego. Wybudowana w 1818 roku, jest najstarsz\u0105 stoj\u0105c\u0105 budowl\u0105 w miasteczku. <\/strong><\/p>\n\n\n\n<p class=\"has-text-color has-dark-gray-color\"><strong>Nazw\u0119 budowli nadano na cze\u015b\u0107 hrabiny Anny von Hochberg. <\/strong><\/p>\n\n\n\n<p class=\"has-text-color has-dark-gray-color\"><strong>W  1835 na wie\u017cy zamontowano zegar, do dzi\u015b wybijaj\u0105cy kolejne  godziny<\/strong>. <\/p>\n\n\n\n<figure class=\"wp-block-image size-large\"><img decoding=\"async\" src=\"http:\/\/jagodzianka.com.pl\/wp-content\/uploads\/2020\/04\/a-88.jpg\" alt=\"\" class=\"wp-image-24490\"\/><\/figure>\n\n\n\n<figure class=\"wp-block-image size-large\"><img decoding=\"async\" src=\"http:\/\/jagodzianka.com.pl\/wp-content\/uploads\/2020\/04\/a-88a.jpg\" alt=\"\" class=\"wp-image-24491\"\/><\/figure>\n\n\n\n<figure class=\"wp-block-image size-large\"><img decoding=\"async\" src=\"http:\/\/jagodzianka.com.pl\/wp-content\/uploads\/2020\/04\/a-89.jpg\" alt=\"\" class=\"wp-image-24492\"\/><\/figure>\n\n\n\n<div class=\"wp-block-image\"><figure class=\"aligncenter size-large\"><img decoding=\"async\" src=\"http:\/\/jagodzianka.com.pl\/wp-content\/uploads\/2020\/04\/xx.jpeg\" alt=\"\" class=\"wp-image-24510\"\/><\/figure><\/div>\n\n\n\n<figure class=\"wp-block-image size-large\"><img decoding=\"async\" src=\"http:\/\/jagodzianka.com.pl\/wp-content\/uploads\/2020\/04\/a-90.jpg\" alt=\"\" class=\"wp-image-24493\"\/><\/figure>\n\n\n\n<p class=\"has-text-color has-dark-gray-color\"><strong>Niew\u0105tpliw\u0105 ozdob\u0105 parku jest aleja rododendron\u00f3w, kt\u00f3ra przyci\u0105ga mn\u00f3stwo kuracjuszy. Ogromne okazy r\u00f3\u017canecznik\u00f3w, jakich dot\u0105d nigdy nie spotka\u0142am. Kiedy zakwitaj\u0105 na prze\u0142omie maja i czerwca aleja mieni si\u0119 kolorami fioletu, czerwieni, bieli, \u017c\u00f3\u0142ci i pomara\u0144czy \ud83d\ude42 <\/strong><\/p>\n\n\n\n<p class=\"has-text-color has-dark-gray-color\"><strong>W marcu niestety jeszcze nie kwit\u0142y. Pozostaje nam sobie tylko wyobrazi\u0107 jak zachwycaj\u0105cy jest to widok.<\/strong><\/p>\n\n\n\n<figure class=\"wp-block-image size-large\"><img decoding=\"async\" src=\"http:\/\/jagodzianka.com.pl\/wp-content\/uploads\/2020\/04\/a-92.jpg\" alt=\"\" class=\"wp-image-24494\"\/><\/figure>\n\n\n\n<figure class=\"wp-block-image size-large\"><img decoding=\"async\" src=\"http:\/\/jagodzianka.com.pl\/wp-content\/uploads\/2020\/04\/a-93.jpg\" alt=\"\" class=\"wp-image-24495\"\/><\/figure>\n\n\n\n<figure class=\"wp-block-image size-large\"><img decoding=\"async\" src=\"http:\/\/jagodzianka.com.pl\/wp-content\/uploads\/2020\/04\/a-94.jpg\" alt=\"\" class=\"wp-image-24496\"\/><\/figure>\n\n\n\n<figure class=\"wp-block-image size-large\"><img decoding=\"async\" src=\"http:\/\/jagodzianka.com.pl\/wp-content\/uploads\/2020\/04\/a-95.jpg\" alt=\"\" class=\"wp-image-24497\"\/><\/figure>\n\n\n\n<p class=\"has-text-color has-dark-gray-color\"><strong>Dzie\u0144 powrotu. Aura zaskoczy\u0142a. Wiosna, jaka towarzyszy\u0142a w czasie ca\u0142ego pobytu w Szczawnie nagle zmieni\u0142a si\u0119 w zim\u0119. <\/strong><\/p>\n\n\n\n<p class=\"has-text-color has-dark-gray-color\"><strong>Ostatni spacer w \u015bniegu. Za chwil\u0119 przyjedzie po nas Bartek. Szcz\u0119\u015bliwi, \u017ce wracamy do domu. Szkoda, \u017ce pobyt w pi\u0119knym Szczawnie  wypad\u0142 w tak trudny czas&#8230;  \ud83d\ude41<\/strong><\/p>\n\n\n\n<figure class=\"wp-block-image size-large\"><img decoding=\"async\" src=\"http:\/\/jagodzianka.com.pl\/wp-content\/uploads\/2020\/04\/a-105.jpg\" alt=\"\" class=\"wp-image-24505\"\/><\/figure>\n","protected":false},"excerpt":{"rendered":"<p>Relacja z pobytu w uzdrowisku zarejestrowana kamer\u0105 \ud83d\ude00 Nasz wyjazd na kuracj\u0119 do Szczawna od pocz\u0105tku nie zapowiada\u0142 si\u0119 optymistycznie. By\u0142 to pocz\u0105tek zachorowa\u0144 w Polsce na COVID 2019 i wszystko wskazywa\u0142o, \u017ce rozw\u00f3j choroby b\u0119dzie b\u0142yskawiczny. Zgodzi\u0142am si\u0119 na t\u0119 ju\u017c dawno planowan\u0105 podr\u00f3\u017c pod presj\u0105. Ca\u0142y pobyt, w tym sk\u0105din\u0105d pi\u0119knym kurorcie, by\u0142 &hellip; <a href=\"https:\/\/jagodzianka.com.pl\/?p=24385\" class=\"more-link\">Czytaj dalej <span class=\"screen-reader-text\">W Szczawnie Zdroju<\/span><\/a><\/p>\n","protected":false},"author":2,"featured_media":0,"comment_status":"open","ping_status":"open","sticky":false,"template":"","format":"standard","meta":{"_jetpack_memberships_contains_paid_content":false,"footnotes":""},"categories":[4],"tags":[],"class_list":["post-24385","post","type-post","status-publish","format-standard","hentry","category-inne"],"jetpack_featured_media_url":"","jetpack_sharing_enabled":true,"_links":{"self":[{"href":"https:\/\/jagodzianka.com.pl\/index.php?rest_route=\/wp\/v2\/posts\/24385","targetHints":{"allow":["GET"]}}],"collection":[{"href":"https:\/\/jagodzianka.com.pl\/index.php?rest_route=\/wp\/v2\/posts"}],"about":[{"href":"https:\/\/jagodzianka.com.pl\/index.php?rest_route=\/wp\/v2\/types\/post"}],"author":[{"embeddable":true,"href":"https:\/\/jagodzianka.com.pl\/index.php?rest_route=\/wp\/v2\/users\/2"}],"replies":[{"embeddable":true,"href":"https:\/\/jagodzianka.com.pl\/index.php?rest_route=%2Fwp%2Fv2%2Fcomments&post=24385"}],"version-history":[{"count":0,"href":"https:\/\/jagodzianka.com.pl\/index.php?rest_route=\/wp\/v2\/posts\/24385\/revisions"}],"wp:attachment":[{"href":"https:\/\/jagodzianka.com.pl\/index.php?rest_route=%2Fwp%2Fv2%2Fmedia&parent=24385"}],"wp:term":[{"taxonomy":"category","embeddable":true,"href":"https:\/\/jagodzianka.com.pl\/index.php?rest_route=%2Fwp%2Fv2%2Fcategories&post=24385"},{"taxonomy":"post_tag","embeddable":true,"href":"https:\/\/jagodzianka.com.pl\/index.php?rest_route=%2Fwp%2Fv2%2Ftags&post=24385"}],"curies":[{"name":"wp","href":"https:\/\/api.w.org\/{rel}","templated":true}]}}