{"id":8646,"date":"2013-06-11T14:11:12","date_gmt":"2013-06-11T13:11:12","guid":{"rendered":"http:\/\/jagodzianka.com.pl\/?p=8646"},"modified":"2026-04-14T10:13:27","modified_gmt":"2026-04-14T08:13:27","slug":"elblag-podroz-sentymentalna","status":"publish","type":"post","link":"https:\/\/jagodzianka.com.pl\/?p=8646","title":{"rendered":"Elbl\u0105g &#8211; podr\u00f3\u017c sentymentalna"},"content":{"rendered":"<p style=\"text-align: justify;\"><strong><span style=\"font-family: Verdana; color: #333333; font-size: small;\">Nasza trzydniowa wycieczka do Elbl\u0105ga (07-09 czerwca) uda\u0142a si\u0119 pod ka\u017cdym wzgl\u0119dem. Nawet pogoda nie zawiod\u0142a. Plan\u00a0skrupulatnie opracowany przez Rysia zrealizowali\u015bmy w 100%.<\/span><\/strong><\/p>\n<p style=\"text-align: justify;\"><strong><span style=\"font-family: Verdana; color: #333333; font-size: small;\">By\u0142y spacery naszpikowane wspomnieniami i pozytywnymi emocjami. Odwiedzili\u015bmy szczeg\u00f3lnie drogie i\u00a0bliskie miejsca, kt\u00f3re nierzadko wzrusza\u0142y do \u0142ez. Zw\u0142aszcza te kt\u00f3re kojarzy\u0142y si\u0119 ze szcz\u0119\u015bliwym dzieci\u0144stwem i rodzicami, o kt\u00f3rych pozosta\u0142y ju\u017c\u00a0tylko wspomnienia. Nie przepu\u015bcili\u015bmy chyba \u017cadnemu elbl\u0105skiemu zabytkowi.\u00a0 Wr\u00f3cili\u015bmy do miejsc, kt\u00f3re darzymy szczeg\u00f3lnym sentymentem a spotkania po latach by\u0142y wspania\u0142e! I ju\u017c dzisiaj deklarujemy, \u017ce niebawem\u00a0je powt\u00f3rzymy.<\/span><\/strong><\/p>\n<p style=\"text-align: center;\"><a href=\"http:\/\/jagodzianka.com.pl\/wp-content\/uploads\/2013\/06\/Untitled-12.gif\"><img loading=\"lazy\" decoding=\"async\" class=\"aligncenter wp-image-8651\" src=\"http:\/\/jagodzianka.com.pl\/wp-content\/uploads\/2013\/06\/Untitled-12.gif\" alt=\"Untitled-1\" width=\"700\" height=\"353\" \/><\/a><\/p>\n<p style=\"text-align: center;\"><span style=\"color: #000000;\"><strong>Nad rzek\u0105 Elbl\u0105g<\/strong><\/span><\/p>\n<p style=\"text-align: center;\"><img loading=\"lazy\" decoding=\"async\" class=\"aligncenter wp-image-8652 size-full\" src=\"http:\/\/jagodzianka.com.pl\/wp-content\/uploads\/2013\/06\/SAM_8309.jpg\" alt=\"SAM_8309\" width=\"600\" height=\"637\" \/><\/p>\n<p style=\"text-align: center;\"><img loading=\"lazy\" decoding=\"async\" class=\"aligncenter wp-image-8657 size-full\" src=\"http:\/\/jagodzianka.com.pl\/wp-content\/uploads\/2013\/06\/SAM_8217.jpg\" alt=\"SAM_8217\" width=\"600\" height=\"800\" \/><\/p>\n<p style=\"text-align: center;\"><img loading=\"lazy\" decoding=\"async\" class=\"aligncenter wp-image-8654 size-full\" src=\"http:\/\/jagodzianka.com.pl\/wp-content\/uploads\/2013\/06\/SAM_8220.jpg\" alt=\"SAM_8220\" width=\"600\" height=\"800\" \/><\/p>\n<p style=\"text-align: center;\"><span style=\"color: #000000;\"><strong>Star\u00f3wka Elbl\u0105ska z historycznym uk\u0142adem urbanistycznym, podzamczem, zespo\u0142em klasztornym, charakterystyczn\u0105 dla Elbl\u0105ga \u015acie\u017ck\u0105 Ko\u015bcieln\u0105 oraz\u00a0zespo\u0142em zrekonstruowanych kamieniczek.<\/strong><\/span><\/p>\n<p style=\"text-align: center;\"><a href=\"http:\/\/jagodzianka.com.pl\/wp-content\/uploads\/2013\/06\/SAM_8311.jpg\"><img loading=\"lazy\" decoding=\"async\" class=\"aligncenter wp-image-8659\" src=\"http:\/\/jagodzianka.com.pl\/wp-content\/uploads\/2013\/06\/SAM_8311.jpg\" alt=\"SAM_8311\" width=\"600\" height=\"450\" \/><\/a><\/p>\n<p style=\"text-align: center;\"><span style=\"color: #888888;\"><span style=\"color: #888888;\"><img loading=\"lazy\" decoding=\"async\" class=\"aligncenter wp-image-8660 size-full\" src=\"http:\/\/jagodzianka.com.pl\/wp-content\/uploads\/2013\/06\/SAM_8218.jpg\" alt=\"SAM_8218\" width=\"600\" height=\"776\" \/><\/span><\/span><\/p>\n<p style=\"text-align: center;\"><span style=\"color: #000000;\"><strong>Katedra pw. \u015aw. Miko\u0142aja to jeden z najstarszych obiekt\u00f3w sakralnych w Elbl\u0105gu z surowym, gotyckim wn\u0119trzem.<\/strong><\/span><\/p>\n<p style=\"text-align: center;\"><img loading=\"lazy\" decoding=\"async\" class=\"aligncenter wp-image-8663 size-full\" src=\"http:\/\/jagodzianka.com.pl\/wp-content\/uploads\/2013\/06\/SAM_8228.jpg\" alt=\"SAM_8228\" width=\"600\" height=\"800\" \/><\/p>\n<p style=\"text-align: center;\"><a href=\"http:\/\/jagodzianka.com.pl\/wp-content\/uploads\/2013\/06\/SAM_8234.jpg\"><img loading=\"lazy\" decoding=\"async\" class=\"aligncenter wp-image-8664\" src=\"http:\/\/jagodzianka.com.pl\/wp-content\/uploads\/2013\/06\/SAM_8234.jpg\" alt=\"SAM_8234\" width=\"600\" height=\"450\" \/><\/a><\/p>\n<p style=\"text-align: center;\"><img loading=\"lazy\" decoding=\"async\" class=\"aligncenter wp-image-8665 size-full\" src=\"http:\/\/jagodzianka.com.pl\/wp-content\/uploads\/2013\/06\/SAM_8235.jpg\" alt=\"SAM_8235\" width=\"600\" height=\"800\" \/><\/p>\n<p style=\"text-align: center;\"><span style=\"color: #000000;\"><strong>Brama Targowa w Elbl\u0105gu jest jednym z najbardziej charakterystycznych i rozpoznawalnych zabytk\u00f3w Elbl\u0105ga. XIV-wieczna budowla stanowi\u0142a w przesz\u0142o\u015bci fragment nieistniej\u0105cych ju\u017c mur\u00f3w obronnych miasta.<\/strong><\/span><\/p>\n<p style=\"text-align: center;\"><img loading=\"lazy\" decoding=\"async\" class=\"aligncenter wp-image-8667 size-full\" src=\"http:\/\/jagodzianka.com.pl\/wp-content\/uploads\/2013\/06\/SAM_8272.jpg\" alt=\"SAM_8272\" width=\"600\" height=\"681\" \/><\/p>\n<p style=\"text-align: center;\"><span style=\"color: #000000;\">\u00a0<strong>W Muzeum Archeologiczno &#8211; Historycznym w Elbl\u0105gu ogl\u0105da\u0107 mo\u017cna ciekawe eksponaty pochodz\u0105ce z dw\u00f3ch stanowisk archeologicznych: Starego Miasta w Elbl\u0105gu i dawnej osady handlowej Truso.<\/strong><\/span><\/p>\n<p style=\"text-align: center;\"><img loading=\"lazy\" decoding=\"async\" class=\"aligncenter wp-image-8678 size-full\" src=\"http:\/\/jagodzianka.com.pl\/wp-content\/uploads\/2013\/06\/SAM_8304.jpg\" alt=\"SAM_8304\" width=\"600\" height=\"800\" \/><\/p>\n<p style=\"text-align: center;\"><span style=\"color: #000000;\"><strong>Jeden z eksponat\u00f3w muzeum &#8211; waza fajansowa &#8211; Paulus van der Strom (1734-1764), Delft, Holandia.<\/strong><\/span><\/p>\n<p style=\"text-align: center;\"><span style=\"color: #000000;\"><strong>Jako \u017cywo przypomina waz\u0119, kt\u00f3ra pochodzi z mojego rodzinnego domu\u00a0z Elbl\u0105ga.<\/strong><\/span><\/p>\n<p style=\"text-align: center;\"><img loading=\"lazy\" decoding=\"async\" class=\"aligncenter wp-image-8742 size-full\" src=\"http:\/\/jagodzianka.com.pl\/wp-content\/uploads\/2013\/06\/SAM_8445.jpg\" alt=\"SAM_8445\" width=\"600\" height=\"836\" \/><\/p>\n<p style=\"text-align: center;\"><img loading=\"lazy\" decoding=\"async\" class=\"aligncenter wp-image-8669 size-full\" src=\"http:\/\/jagodzianka.com.pl\/wp-content\/uploads\/2013\/06\/SAM_8318.jpg\" alt=\"SAM_8318\" width=\"600\" height=\"719\" \/><\/p>\n<p style=\"text-align: center;\"><img loading=\"lazy\" decoding=\"async\" class=\"aligncenter wp-image-8670 size-full\" src=\"http:\/\/jagodzianka.com.pl\/wp-content\/uploads\/2013\/06\/SAM_8320.jpg\" alt=\"SAM_8320\" width=\"600\" height=\"800\" \/><\/p>\n<p style=\"text-align: center;\"><span style=\"color: #000000;\"><strong>Centrum Sztuki &#8211; Galeria EL mie\u015bci si\u0119 w dawnym ko\u015bciele podominika\u0144skim. Ko\u015bci\u00f3\u0142 by\u0142 kilkakrotnie przebudowywany. W 1945 roku \u015bwi\u0105tynia zosta\u0142a powa\u017cnie uszkodzona. W latach 70., dzi\u0119ki inicjatywie grupy entuzjast\u00f3w, ko\u015bci\u00f3\u0142 zosta\u0142 odbudowany a nast\u0119pnie zaadoptowany na centrum sztuki wsp\u00f3\u0142czesnej.<\/strong><\/span><\/p>\n<p style=\"text-align: center;\">*****<\/p>\n<p style=\"text-align: center;\"><span style=\"color: #000000;\"><strong>Odwiedzili\u015bmy te\u017c stare cmentarze i miejsca, kt\u00f3re by\u0142y kiedy\u015b nekropoliami. Niestety, po wojnie wi\u0119kszo\u015b\u0107 z nich zamieniono w parki i skwery, poprowadzono ulice.\u00a0W 1966 roku upami\u0119tniono je dwuj\u0119zycznymi tablicami.<\/strong><\/span><\/p>\n<p style=\"text-align: center;\"><span style=\"color: #000000;\"><strong>Du\u017c\u0105 nekropoli\u0105 elbl\u0105sk\u0105 na kt\u00f3rej spocz\u0119\u0142o wielu wybitnych obywateli miasta, by\u0142 cmentarz parafii Naj\u015bwi\u0119tszej Marii Panny (obecnie park im. Traugutta). To w\u0142a\u015bnie tu zosta\u0142 pochowany w 1896 r. jeden z najwybitniejszych elbl\u0105\u017can\u00a0&#8211; Ferdynand G. Schichau. Tak\u017ce na tym cmentarzu znalaz\u0142 miejsce wiecznego spoczynku t\u0142umacz i historyk literatury polskiej Henryk Nitschmann &#8211; Niemiec, kt\u00f3ry kocha\u0142 Polak\u00f3w i kt\u00f3ry sw\u00f3j testament napisa\u0142 w j\u0119zyku polskim, wybitny historyk Max Toppen i prawdopodobnie in\u017cynier, budowniczy Kana\u0142u Oberlandzkiego (Elbl\u0105skiego)\u00a0 Georg Jakub Steenke.<\/strong><\/span><\/p>\n<p style=\"text-align: center;\"><span style=\"color: #000000;\"><a href=\"http:\/\/jagodzianka.com.pl\/wp-content\/uploads\/2013\/06\/Untitled-21.gif\"><strong><img loading=\"lazy\" decoding=\"async\" class=\"aligncenter wp-image-8692\" src=\"http:\/\/jagodzianka.com.pl\/wp-content\/uploads\/2013\/06\/Untitled-21.gif\" alt=\"Untitled-2\" width=\"700\" height=\"245\" \/><\/strong><\/a><\/span><\/p>\n<p style=\"text-align: center;\"><strong><span style=\"color: #000000;\">Tablice upami\u0119tniaj\u0105ce by\u0142y cmentarz \u015aw. Jana w Parku\u00a0 Wojska Polskiego przy ul. 3-go Maja.<\/span><\/strong><\/p>\n<p style=\"text-align: center;\"><a href=\"http:\/\/jagodzianka.com.pl\/wp-content\/uploads\/2013\/06\/Untitled-3.gif\"><img loading=\"lazy\" decoding=\"async\" class=\"aligncenter wp-image-8694\" src=\"http:\/\/jagodzianka.com.pl\/wp-content\/uploads\/2013\/06\/Untitled-3.gif\" alt=\"Untitled-3\" width=\"700\" height=\"259\" \/><\/a><\/p>\n<p style=\"text-align: center;\"><span style=\"color: #000000;\"><strong>Odwiedzili\u015bmy te\u017c miejsce dawnego Cmentarza \u017cydowskiego znajduj\u0105cego si\u0119 u zbiegu ul. Brzeskiej i ul. Browarnej.<\/strong> <strong>Dzi\u015b o jego istnieniu przypomina ju\u017c tylko ustawiony w 2001 roku niewielki pomnik, na kt\u00f3rym wyryto napis o tre\u015bci: <em>&#8222;Pami\u0119ci \u017byd\u00f3w Elbl\u0105ga.<\/em><\/strong>\u00a0<\/span><\/p>\n<p style=\"text-align: center;\"><img loading=\"lazy\" decoding=\"async\" class=\"aligncenter wp-image-8691 \" src=\"http:\/\/jagodzianka.com.pl\/wp-content\/uploads\/2013\/06\/elblag1.jpg\" alt=\"elblag1\" width=\"601\" height=\"433\" \/><\/p>\n<p style=\"text-align: center;\">\u00a0<span style=\"color: #000000;\"><strong>Przy przy ul. Sadowej zwiedzili\u015bmy poniemiecki cmentarz ewangelicki. Cmentarz zosta\u0142 zdewastowany a obecnie przekszta\u0142cony w teren o charakterze parkowym, gdzie utworzono lapidarium i ods\u0142oni\u0119to p\u0142yt\u0119 pami\u0105tkow\u0105 w j\u0119zyku polskim i niemieckim o tre\u015bci: &#8222;Lapidarium Pami\u0119ci Mieszka\u0144c\u00f3w Miasta Elbl\u0105ga Pochowanych do 1945 r.&#8221;\u00a0 W lapidarium eksponowane s\u0105 p\u0142yty nagrobne przedstawiaj\u0105ce warto\u015b\u0107 artystyczn\u0105 b\u0105d\u017a historyczn\u0105. Ocala\u0142e z nich nale\u017c\u0105 do przedstawicieli wielu znamienitych elbl\u0105skich rodzin. W\u015br\u00f3d nich s\u0105 nale\u017c\u0105ce do os\u00f3b najbardziej znanych dla dzisiejszych elbl\u0105\u017can: Franza Komnicka &#8211; w\u0142a\u015bciciela fabryki samochod\u00f3w, Schrettera &#8211; w\u0142a\u015bciciela mleczarni przy ul. Bema, pradziadk\u00f3w pani kanclerz Angeli Merkel &#8211; Emila i Emmy Drange,Zimensa, Hirscha i innych.<\/strong><\/span><\/p>\n<p style=\"text-align: center;\"><a href=\"http:\/\/jagodzianka.com.pl\/wp-content\/uploads\/2013\/06\/SAM_8252.jpg\"><img loading=\"lazy\" decoding=\"async\" class=\"aligncenter wp-image-8696\" src=\"http:\/\/jagodzianka.com.pl\/wp-content\/uploads\/2013\/06\/SAM_8252.jpg\" alt=\"SAM_8252\" width=\"700\" height=\"525\" \/><\/a><\/p>\n<p style=\"text-align: center;\"><a href=\"http:\/\/jagodzianka.com.pl\/wp-content\/uploads\/2013\/06\/SAM_8254.jpg\"><img loading=\"lazy\" decoding=\"async\" class=\"aligncenter wp-image-8697 size-full\" src=\"http:\/\/jagodzianka.com.pl\/wp-content\/uploads\/2013\/06\/SAM_8254.jpg\" alt=\"SAM_8254\" width=\"600\" height=\"800\" \/><\/a><\/p>\n<p style=\"text-align: center;\"><span style=\"color: #000000;\"><strong>Obecny ratusz przy ul. \u0141\u0105czno\u015bci 1\u00a0jest siedzib\u0105 w\u0142adz miasta &#8211; ma ju\u017c prawie sto lat, zosta\u0142 zbudowany w latach 1910 &#8211; 1912. Przed wojn\u0105 mie\u015bci\u0142o si\u0119 w nim M\u0119skie Reformowane Gimnazjum Realne im. Heinricha von Plauen. Kiedy\u015b tu pracowa\u0142am 6 lat.<\/strong><\/span><\/p>\n<p style=\"text-align: center;\"><img loading=\"lazy\" decoding=\"async\" class=\"aligncenter wp-image-8702 size-full\" src=\"http:\/\/jagodzianka.com.pl\/wp-content\/uploads\/2013\/06\/SAM_8354.jpg\" alt=\"SAM_8354\" width=\"600\" height=\"759\" \/><\/p>\n<p style=\"text-align: center;\"><span style=\"color: #000000;\"><strong>Jedn\u0105 z ostatnich lamp gazowych zainstalowanych w Elbl\u0105gu jest stoj\u0105ca do dzisiaj na naro\u017cniku S\u0105du Okr\u0119gowego, kt\u00f3ra ufundowana zosta\u0142a przez w\u0142adze miasta z okazji otwarcia imponuj\u0105cego gmachu s\u0105du w czerwcu 1914 roku.<\/strong><\/span><\/p>\n<p style=\"text-align: center;\"><strong><img loading=\"lazy\" decoding=\"async\" class=\"aligncenter wp-image-8704 size-full\" src=\"http:\/\/jagodzianka.com.pl\/wp-content\/uploads\/2013\/06\/SAM_8350.jpg\" alt=\"SAM_8350\" width=\"600\" height=\"800\" \/><\/strong><\/p>\n<p style=\"text-align: center;\"><span style=\"color: #000000;\"><strong>wspomniany gmach s\u0105du<\/strong><\/span><\/p>\n<p style=\"text-align: center;\"><img loading=\"lazy\" decoding=\"async\" class=\"aligncenter wp-image-8703 size-full\" src=\"http:\/\/jagodzianka.com.pl\/wp-content\/uploads\/2013\/06\/SAM_8352.jpg\" alt=\"SAM_8352\" width=\"600\" height=\"851\" \/><\/p>\n<p style=\"text-align: center;\"><a href=\"http:\/\/jagodzianka.com.pl\/wp-content\/uploads\/2013\/06\/SAM_8394.jpg\"><img loading=\"lazy\" decoding=\"async\" class=\"aligncenter wp-image-8705 size-full\" src=\"http:\/\/jagodzianka.com.pl\/wp-content\/uploads\/2013\/06\/SAM_8394.jpg\" alt=\"SAM_8394\" width=\"600\" height=\"694\" \/><\/a><\/p>\n<p style=\"text-align: center;\"><span style=\"color: #000000;\"><strong>Dom w kt\u00f3rym si\u0119 urodzi\u0142am i wychowa\u0142am. Tu mieszka\u00a0nadal najwierniejsza przyjaci\u00f3\u0142ka moich rodzic\u00f3w Pani Irena. Z tym domem, z Pani\u0105 Iren\u0105 i jej c\u00f3rkami \u0142\u0105cz\u0105 mnie same dobre wspomnienia. I to one wype\u0142ni\u0142y nasze spotkanie. By\u0142o ciep\u0142o, weso\u0142o, wspaniale. Musimy niebawem zrobi\u0107 powt\u00f3rk\u0119. Obieca\u0142am im to.<\/strong><\/span><\/p>\n<p style=\"text-align: center;\"><a href=\"http:\/\/jagodzianka.com.pl\/wp-content\/uploads\/2013\/06\/SAM_8355.jpg\"><img loading=\"lazy\" decoding=\"async\" class=\"aligncenter wp-image-8706\" src=\"http:\/\/jagodzianka.com.pl\/wp-content\/uploads\/2013\/06\/SAM_8355.jpg\" alt=\"SAM_8355\" width=\"700\" height=\"508\" \/><\/a><\/p>\n<p style=\"text-align: center;\"><a href=\"http:\/\/jagodzianka.com.pl\/wp-content\/uploads\/2013\/06\/SAM_8392.jpg\"><img loading=\"lazy\" decoding=\"async\" class=\"aligncenter wp-image-8707\" src=\"http:\/\/jagodzianka.com.pl\/wp-content\/uploads\/2013\/06\/SAM_8392.jpg\" alt=\"SAM_8392\" width=\"700\" height=\"525\" \/><\/a><\/p>\n<p style=\"text-align: center;\"><a href=\"http:\/\/jagodzianka.com.pl\/wp-content\/uploads\/2013\/06\/SAM_8396.jpg\"><img loading=\"lazy\" decoding=\"async\" class=\"aligncenter wp-image-8708 size-full\" src=\"http:\/\/jagodzianka.com.pl\/wp-content\/uploads\/2013\/06\/SAM_8396.jpg\" alt=\"SAM_8396\" width=\"600\" height=\"826\" \/><\/a><\/p>\n<p style=\"text-align: center;\"><span style=\"color: #000000;\"><strong>Moja podstaw\u00f3wka (obecnie w remoncie)<\/strong><\/span><\/p>\n<p style=\"text-align: center;\"><a href=\"http:\/\/jagodzianka.com.pl\/wp-content\/uploads\/2013\/06\/SAM_8358.jpg\"><img loading=\"lazy\" decoding=\"async\" class=\"aligncenter wp-image-8709 size-full\" src=\"http:\/\/jagodzianka.com.pl\/wp-content\/uploads\/2013\/06\/SAM_8358.jpg\" alt=\"SAM_8358\" width=\"600\" height=\"800\" \/><\/a><\/p>\n<p style=\"text-align: center;\"><span style=\"color: #000000;\"><strong>Rzeczka Dzikuska, przep\u0142ywaj\u0105ca przez Elbl\u0105g. Za moich czas\u00f3w p\u0142yn\u0119\u0142a dziko, dzisiaj zrobiono regulacj\u0119 brzeg\u00f3w. Wok\u00f3\u0142 niej du\u017co teren\u00f3w zielonych.<\/strong> <strong>Z tymi terenami tak\u017ce wi\u0105\u017c\u0105 si\u0119 pi\u0119kne wspomnienia.<\/strong><\/span><\/p>\n<p style=\"text-align: center;\"><a href=\"http:\/\/jagodzianka.com.pl\/wp-content\/uploads\/2013\/06\/SAM_8363.jpg\"><img loading=\"lazy\" decoding=\"async\" class=\"aligncenter wp-image-8710 size-full\" src=\"http:\/\/jagodzianka.com.pl\/wp-content\/uploads\/2013\/06\/SAM_8363.jpg\" alt=\"SAM_8363\" width=\"600\" height=\"800\" \/><\/a><\/p>\n<p style=\"text-align: center;\"><span style=\"color: #000000;\"><strong>Te ogr\u00f3dki dzia\u0142kowe s\u0105 mi szczeg\u00f3lnie bliskie. Jeden z nich nale\u017ca\u0142 do moich rodzic\u00f3w.<\/strong><\/span><\/p>\n<p style=\"text-align: center;\"><a href=\"http:\/\/jagodzianka.com.pl\/wp-content\/uploads\/2013\/06\/SAM_8422.jpg\"><img loading=\"lazy\" decoding=\"async\" class=\"aligncenter wp-image-8711\" src=\"http:\/\/jagodzianka.com.pl\/wp-content\/uploads\/2013\/06\/SAM_8422.jpg\" alt=\"SAM_8422\" width=\"700\" height=\"550\" \/><\/a><\/p>\n<p style=\"text-align: center;\"><a href=\"http:\/\/jagodzianka.com.pl\/wp-content\/uploads\/2013\/06\/SAM_8423.jpg\"><img loading=\"lazy\" decoding=\"async\" class=\"aligncenter wp-image-8712\" src=\"http:\/\/jagodzianka.com.pl\/wp-content\/uploads\/2013\/06\/SAM_8423.jpg\" alt=\"SAM_8423\" width=\"700\" height=\"525\" \/><\/a><\/p>\n<p style=\"text-align: center;\"><span style=\"color: #000000;\"><strong>W ka\u017cd\u0105 leni\u0105 niedziel\u0119 kiedy\u00a0przyje\u017cd\u017cali\u015bmy do\u00a0rodzic\u00f3w odwiedzali\u015bmy dzia\u0142k\u0119, kt\u00f3ra by\u0142a oaz\u0105 zieleni. Tu rodzice hodowali zdrowe warzywa, owoce i pi\u0119kne kwiaty.\u00a0 I to miejsce najbardziej mnie wzruszy\u0142o!<\/strong><\/span><\/p>\n<p style=\"text-align: center;\"><a href=\"http:\/\/jagodzianka.com.pl\/wp-content\/uploads\/2013\/06\/SAM_8438.jpg\"><img loading=\"lazy\" decoding=\"async\" class=\"aligncenter wp-image-8713 size-full\" src=\"http:\/\/jagodzianka.com.pl\/wp-content\/uploads\/2013\/06\/SAM_8438.jpg\" alt=\"SAM_8438\" width=\"600\" height=\"617\" \/><\/a><\/p>\n<p style=\"text-align: center;\">\u00a0<span style=\"color: #000000;\"><strong>Nieopodal jest jeszcze ogr\u00f3d wujka Antosia. Mieli\u015bmy szcz\u0119\u015bcie, \u017ce go tam zastali\u015bmy. Rado\u015b\u0107 by\u0142a wielka i obop\u00f3lna.<\/strong><\/span><\/p>\n<p style=\"text-align: center;\"><a href=\"http:\/\/jagodzianka.com.pl\/wp-content\/uploads\/2013\/06\/SAM_8428.jpg\"><img loading=\"lazy\" decoding=\"async\" class=\"aligncenter wp-image-8714 size-full\" src=\"http:\/\/jagodzianka.com.pl\/wp-content\/uploads\/2013\/06\/SAM_8428.jpg\" alt=\"SAM_8428\" width=\"600\" height=\"615\" \/><\/a><\/p>\n<p style=\"text-align: center;\"><a href=\"http:\/\/jagodzianka.com.pl\/wp-content\/uploads\/2013\/06\/SAM_8431.jpg\"><img loading=\"lazy\" decoding=\"async\" class=\"aligncenter wp-image-8715 size-full\" src=\"http:\/\/jagodzianka.com.pl\/wp-content\/uploads\/2013\/06\/SAM_8431.jpg\" alt=\"SAM_8431\" width=\"600\" height=\"729\" \/><\/a><\/p>\n<p style=\"text-align: center;\"><a href=\"http:\/\/jagodzianka.com.pl\/wp-content\/uploads\/2013\/06\/SAM_8433.jpg\"><img loading=\"lazy\" decoding=\"async\" class=\"aligncenter wp-image-8716\" src=\"http:\/\/jagodzianka.com.pl\/wp-content\/uploads\/2013\/06\/SAM_8433.jpg\" alt=\"SAM_8433\" width=\"600\" height=\"486\" \/><\/a><\/p>\n<p style=\"text-align: center;\"><span style=\"color: #333333;\"><strong>Ta mena\u017ceria wype\u0142nia ca\u0142y wujka <\/strong><strong>ogr\u00f3d.<\/strong> <strong>Swoisty urok!<\/strong><\/span><\/p>\n<p style=\"text-align: center;\"><a href=\"http:\/\/jagodzianka.com.pl\/wp-content\/uploads\/2013\/06\/SAM_8380.jpg\"><img loading=\"lazy\" decoding=\"async\" class=\"aligncenter wp-image-8717 size-full\" src=\"http:\/\/jagodzianka.com.pl\/wp-content\/uploads\/2013\/06\/SAM_8380.jpg\" alt=\"SAM_8380\" width=\"600\" height=\"683\" \/><\/a><\/p>\n<p style=\"text-align: center;\"><strong><span style=\"color: #000000;\">Zwiedzili\u015bmy te\u017c kilka restauracji. Ta w kompleksie Zabytkowego Zespo\u0142u M\u0142yna Wodnego pochodz\u0105cego z XIX wieku, kt\u00f3ry nosi\u0142 niegdy\u015b nazw\u0119 &#8222;Strauchm\u00fchle&#8221;, czyli M\u0142yn Krzaczasty.<\/span><\/strong><\/p>\n<p style=\"text-align: center;\"><a href=\"http:\/\/jagodzianka.com.pl\/wp-content\/uploads\/2013\/06\/SAM_83831.jpg\"><img loading=\"lazy\" decoding=\"async\" class=\"aligncenter wp-image-8718\" src=\"http:\/\/jagodzianka.com.pl\/wp-content\/uploads\/2013\/06\/SAM_83831.jpg\" alt=\"SAM_8383\" width=\"700\" height=\"525\" \/><\/a><\/p>\n<p style=\"text-align: center;\"><span style=\"color: #000000;\"><strong>Stara Karczma przy Traugutta. By\u0142o pi\u0119knie, ciep\u0142o i smacznie\u00a0na podwieszanym balkonie w towarzystwie okaza\u0142ego kasztana.<\/strong><\/span><\/p>\n<p style=\"text-align: center;\"><a href=\"http:\/\/jagodzianka.com.pl\/wp-content\/uploads\/2013\/06\/SAM_83861.jpg\"><img loading=\"lazy\" decoding=\"async\" class=\"aligncenter wp-image-8719 size-full\" src=\"http:\/\/jagodzianka.com.pl\/wp-content\/uploads\/2013\/06\/SAM_83861.jpg\" alt=\"SAM_8386\" width=\"600\" height=\"800\" \/><\/a><\/p>\n<p style=\"text-align: center;\"><a href=\"http:\/\/jagodzianka.com.pl\/wp-content\/uploads\/2013\/06\/SAM_83901.jpg\"><img loading=\"lazy\" decoding=\"async\" class=\"aligncenter wp-image-8720\" src=\"http:\/\/jagodzianka.com.pl\/wp-content\/uploads\/2013\/06\/SAM_83901.jpg\" alt=\"SAM_8390\" width=\"600\" height=\"450\" \/><\/a><\/p>\n<p style=\"text-align: center;\"><span style=\"color: #000000;\"><strong>Restauracja na barce Admira\u0142 &#8211; zimny \u017bywiec i sma\u017cony sandacz &#8211; pycha. Do tego s\u0142o\u0144ce i leniwie p\u0142yn\u0105ca rzeka.<\/strong><\/span><\/p>\n<p style=\"text-align: center;\"><a href=\"http:\/\/jagodzianka.com.pl\/wp-content\/uploads\/2013\/06\/SAM_82151.jpg\"><img loading=\"lazy\" decoding=\"async\" class=\"aligncenter wp-image-8721\" src=\"http:\/\/jagodzianka.com.pl\/wp-content\/uploads\/2013\/06\/SAM_82151.jpg\" alt=\"SAM_8215\" width=\"700\" height=\"525\" \/><\/a><\/p>\n<p style=\"text-align: center;\"><a href=\"http:\/\/jagodzianka.com.pl\/wp-content\/uploads\/2013\/06\/Untitled-.gif\"><img loading=\"lazy\" decoding=\"async\" class=\"aligncenter wp-image-8722\" src=\"http:\/\/jagodzianka.com.pl\/wp-content\/uploads\/2013\/06\/Untitled-.gif\" alt=\"Untitled-\" width=\"700\" height=\"452\" \/><\/a><\/p>\n<p style=\"text-align: center;\"><strong><span style=\"color: #000000;\">Na koniec wspomn\u0119 o\u00a0bardzo dla mnie wa\u017cnych odwiedzinach kochanej cioci Jadzi. Nasz\u0105 elbl\u0105sk\u0105 eskapad\u0119 rozpocz\u0119li\u015bmy od spotkania z cioci\u0105. Planowali\u015bmy wyci\u0105gn\u0105\u0107 j\u0105 do restauracji, ale si\u0119 upar\u0142a, \u017ce to ona nas ugo\u015bci u siebie. Poczciwa, mi\u0142a i dobra jak zawsze. M<\/span><\/strong><strong><span style=\"color: #000000;\">imo ci\u0119\u017ckich \u017cyciowych do\u015bwiadcze\u0144 bardzo pozytywnie nastawiona do \u017cycia. Zawsze mia\u0142am do niej s\u0142abo\u015b\u0107 a ona do mnie. Jestem jej wdzi\u0119czna za to jak bardzo kocha\u0142a moich rodzic\u00f3w i jak do ko\u0144ca o nich pami\u0119ta\u0142a. Um\u00f3wili\u015bmy si\u0119 z cioci\u0105 na wsp\u00f3lny wyjazd na Podlasie w tym roku. <\/span><\/strong><\/p>\n<p style=\"text-align: center;\"><img loading=\"lazy\" decoding=\"async\" class=\"aligncenter wp-image-8745\" src=\"http:\/\/jagodzianka.com.pl\/wp-content\/uploads\/2013\/06\/SAM_8197.jpg\" alt=\"SAM_8197\" width=\"701\" height=\"526\" \/><\/p>\n","protected":false},"excerpt":{"rendered":"<p>Nasza trzydniowa wycieczka do Elbl\u0105ga (07-09 czerwca) uda\u0142a si\u0119 pod ka\u017cdym wzgl\u0119dem. Nawet pogoda nie zawiod\u0142a. Plan\u00a0skrupulatnie opracowany przez Rysia zrealizowali\u015bmy w 100%. By\u0142y spacery naszpikowane wspomnieniami i pozytywnymi emocjami. Odwiedzili\u015bmy szczeg\u00f3lnie drogie i\u00a0bliskie miejsca, kt\u00f3re nierzadko wzrusza\u0142y do \u0142ez. Zw\u0142aszcza te kt\u00f3re kojarzy\u0142y si\u0119 ze szcz\u0119\u015bliwym dzieci\u0144stwem i rodzicami, o kt\u00f3rych pozosta\u0142y ju\u017c\u00a0tylko wspomnienia. &hellip; <a href=\"https:\/\/jagodzianka.com.pl\/?p=8646\" class=\"more-link\">Czytaj dalej <span class=\"screen-reader-text\">Elbl\u0105g &#8211; podr\u00f3\u017c sentymentalna<\/span><\/a><\/p>\n","protected":false},"author":2,"featured_media":0,"comment_status":"open","ping_status":"open","sticky":false,"template":"","format":"standard","meta":{"_jetpack_memberships_contains_paid_content":false,"footnotes":""},"categories":[4],"tags":[],"class_list":["post-8646","post","type-post","status-publish","format-standard","hentry","category-inne"],"jetpack_featured_media_url":"","jetpack_sharing_enabled":true,"_links":{"self":[{"href":"https:\/\/jagodzianka.com.pl\/index.php?rest_route=\/wp\/v2\/posts\/8646","targetHints":{"allow":["GET"]}}],"collection":[{"href":"https:\/\/jagodzianka.com.pl\/index.php?rest_route=\/wp\/v2\/posts"}],"about":[{"href":"https:\/\/jagodzianka.com.pl\/index.php?rest_route=\/wp\/v2\/types\/post"}],"author":[{"embeddable":true,"href":"https:\/\/jagodzianka.com.pl\/index.php?rest_route=\/wp\/v2\/users\/2"}],"replies":[{"embeddable":true,"href":"https:\/\/jagodzianka.com.pl\/index.php?rest_route=%2Fwp%2Fv2%2Fcomments&post=8646"}],"version-history":[{"count":1,"href":"https:\/\/jagodzianka.com.pl\/index.php?rest_route=\/wp\/v2\/posts\/8646\/revisions"}],"predecessor-version":[{"id":30055,"href":"https:\/\/jagodzianka.com.pl\/index.php?rest_route=\/wp\/v2\/posts\/8646\/revisions\/30055"}],"wp:attachment":[{"href":"https:\/\/jagodzianka.com.pl\/index.php?rest_route=%2Fwp%2Fv2%2Fmedia&parent=8646"}],"wp:term":[{"taxonomy":"category","embeddable":true,"href":"https:\/\/jagodzianka.com.pl\/index.php?rest_route=%2Fwp%2Fv2%2Fcategories&post=8646"},{"taxonomy":"post_tag","embeddable":true,"href":"https:\/\/jagodzianka.com.pl\/index.php?rest_route=%2Fwp%2Fv2%2Ftags&post=8646"}],"curies":[{"name":"wp","href":"https:\/\/api.w.org\/{rel}","templated":true}]}}